{"id":1615,"date":"2026-04-02T10:40:50","date_gmt":"2026-04-02T08:40:50","guid":{"rendered":"https:\/\/www.addictimmobilier31.com\/blog\/?p=1615"},"modified":"2026-04-02T10:41:19","modified_gmt":"2026-04-02T08:41:19","slug":"exaspere-par-les-squatteurs-un-proprietaire-decide-de-detruire-son-logement-a-coups-de-masse-pour-les-chasser","status":"publish","type":"post","link":"https:\/\/www.addictimmobilier31.com\/blog\/exaspere-par-les-squatteurs-un-proprietaire-decide-de-detruire-son-logement-a-coups-de-masse-pour-les-chasser\/","title":{"rendered":"Exasp\u00e9r\u00e9 par les squatteurs, un propri\u00e9taire d\u00e9cide de d\u00e9truire son logement \u00e0 coups de masse pour les chasser"},"content":{"rendered":"<blockquote>\n<p>Un propri\u00e9taire brestois, exc\u00e9d\u00e9 par <strong>six ans d&#39;occupation ill\u00e9gale<\/strong> de son appartement, a choisi une voie radicale le <strong>12 octobre 2024<\/strong> : d\u00e9molir lui-m\u00eame son bien \u00e0 coups de masse et de barre \u00e0 mine pour contraindre les squatteurs \u00e0 partir. Une d\u00e9cision extr\u00eame qui r\u00e9v\u00e8le les limites d&#39;un syst\u00e8me juridique souvent impuissant face \u00e0 l&#39;occupation ill\u00e9gale de logement.<\/p>\n<\/blockquote>\n<p>\u00c0 <strong>Brest<\/strong>, dans un quartier populaire de la ville, un propri\u00e9taire a franchi un cap que beaucoup n&#39;osent qu&#39;imaginer. Apr\u00e8s avoir tent\u00e9 les voies l\u00e9gales, propos\u00e9 de l&#39;argent, attendu une r\u00e9ponse judiciaire pendant des mois, il a saisi une masse et une barre \u00e0 mine pour reprendre possession de son bien. L&#39;appartement est aujourd&#39;hui inhabitable. Les familles qui l&#39;occupaient ont \u00e9t\u00e9 relog\u00e9es par les services sociaux. Et l&#39;affaire continue d&#39;alimenter un d\u00e9bat profond sur les droits des propri\u00e9taires face aux squatteurs en France.<\/p>\n<p>Le cas n&#39;est pas isol\u00e9. Les situations de <a href=\"https:\/\/addictimmobilier31.com\/blog\/\/cest-la-justice-a-deux-vitesses-elle-squatte-la-maison-dun-magistrat-la-loi-anti-squat-rend-son-verdict-en-dix-jours\/\">justice \u00e0 deux vitesses face aux squatteurs<\/a> ont d\u00e9j\u00e0 d\u00e9fray\u00e9 la chronique, mais celle-ci poss\u00e8de une dimension particuli\u00e8re : la dur\u00e9e, l&#39;\u00e9puisement, et la radicalit\u00e9 du geste final.<\/p>\n<h2>Six ans d&#39;occupation ill\u00e9gale sans issue<\/h2>\n<p>L&#39;histoire commence en <strong>novembre 2017<\/strong>. Plusieurs familles roumaines s&#39;installent dans l&#39;appartement sans l&#39;accord du propri\u00e9taire. D\u00e8s le d\u00e9part, la situation est claire : il s&#39;agit d&#39;une occupation ill\u00e9gale, sans bail, sans titre d&#39;occupation, sans droit.<\/p>\n<h3>Une proc\u00e9dure judiciaire qui s&#39;\u00e9tire dans le temps<\/h3>\n<p>Le propri\u00e9taire ne reste pas inactif. Mais les recours l\u00e9gaux en mati\u00e8re d&#39;<strong>expulsion de squatteurs<\/strong> sont notoirement lents. Ce n&#39;est qu&#39;en <strong>novembre 2023<\/strong>, soit six ann\u00e9es apr\u00e8s le d\u00e9but de l&#39;occupation, qu&#39;il d\u00e9pose officiellement une plainte. Un d\u00e9lai qui illustre \u00e0 lui seul la complexit\u00e9 des d\u00e9marches, les espoirs d\u00e9\u00e7us de r\u00e8glement amiable, et l&#39;\u00e9puisement progressif d&#39;un homme face \u00e0 une situation qui semble sans fin.<\/p>\n<h3>Une offre financi\u00e8re rejet\u00e9e<\/h3>\n<p>Avant d&#39;en arriver \u00e0 la destruction, le propri\u00e9taire tente une derni\u00e8re approche pragmatique : il propose <strong>2 000 euros<\/strong> aux occupants en \u00e9change de leur d\u00e9part volontaire. Une somme significative, destin\u00e9e \u00e0 faciliter une transition sans conflit. Les familles refusent. \u00c0 ce stade, toutes les tentatives de r\u00e9solution pacifique ont \u00e9chou\u00e9. La plainte d\u00e9pos\u00e9e un an plus t\u00f4t n&#39;a pas produit d&#39;expulsion. L&#39;offre financi\u00e8re a \u00e9t\u00e9 rejet\u00e9e. Et les occupants sont toujours l\u00e0.<\/p>\n<div class=\"mos_stat\">\n  <span class=\"mos_stat-number\">6 ans<\/span><br \/>\n  <span class=\"mos_stat-label\">d&rsquo;occupation ill\u00e9gale avant que le propri\u00e9taire passe \u00e0 l&rsquo;acte<\/span>\n<\/div>\n<h2>Le 12 octobre 2024 : la d\u00e9molition comme seule issue<\/h2>\n<p>Le <strong>12 octobre 2024<\/strong>, le propri\u00e9taire passe \u00e0 l&#39;acte. Arm\u00e9 d&#39;une masse et d&#39;une barre \u00e0 mine, il s&#39;attaque m\u00e9thodiquement \u00e0 son propre appartement. Le plancher de l&#39;\u00e9tage est d\u00e9truit, les escaliers d\u00e9molis, les r\u00e9seaux d&#39;eau et d&#39;\u00e9lectricit\u00e9 sabot\u00e9s. Les effets personnels des occupants sont sortis et d\u00e9pos\u00e9s dans la rue.<\/p>\n<p>Concr\u00e8tement, le logement est rendu totalement inhabitable en quelques heures. Une action d\u00e9lib\u00e9r\u00e9e, calcul\u00e9e, qui ne laisse aucune ambigu\u00eft\u00e9 sur l&#39;intention : rendre l&#39;occupation mat\u00e9riellement impossible, l\u00e0 o\u00f9 la loi n&#39;avait pas r\u00e9ussi \u00e0 obtenir le d\u00e9part des familles.<\/p>\n<p>Les familles roumaines \u00e9taient absentes au moment des faits, parties en Roumanie pour un enterrement. C&#39;est \u00e0 leur retour qu&#39;elles ont d\u00e9couvert leurs affaires sur le trottoir et l&#39;appartement r\u00e9duit \u00e0 l&#39;\u00e9tat de carcasse. Les <strong>services sociaux de Brest<\/strong> et le <strong>d\u00e9partement<\/strong> ont pris en charge leur relogement d&#39;urgence.<\/p>\n<div class=\"mos_callout mos_callout-warning\">\n  <span class=\"mos_callout-icon\">\u26a0\ufe0f<\/span><\/p>\n<div class=\"mos_callout-body\">\n    <span class=\"mos_callout-title\">Attention<\/span><br \/>\n    D\u00e9truire volontairement son propre bien pour expulser des occupants ill\u00e9gaux expose le propri\u00e9taire \u00e0 des poursuites judiciaires, notamment pour voie de fait ou violation de domicile, m\u00eame lorsque l&rsquo;occupation est ill\u00e9gale. La loi fran\u00e7aise interdit les expulsions sans d\u00e9cision de justice, y compris par le propri\u00e9taire lui-m\u00eame.\n  <\/div>\n<\/div>\n<h2>Un syst\u00e8me juridique mis en cause<\/h2>\n<p>Cette affaire brestoise soul\u00e8ve une question que de nombreux propri\u00e9taires se posent : que faire quand la loi ne prot\u00e8ge pas suffisamment le droit de propri\u00e9t\u00e9 face \u00e0 une <strong>occupation ill\u00e9gale de logement<\/strong> qui s&#39;installe dans la dur\u00e9e ?<\/p>\n<h3>Des proc\u00e9dures trop lentes face \u00e0 l&#39;urgence<\/h3>\n<p>Le d\u00e9lai d&#39;un an entre le d\u00e9p\u00f4t de plainte (<strong>novembre 2023<\/strong>) et la destruction (<strong>octobre 2024<\/strong>) sans qu&#39;une expulsion ait pu \u00eatre obtenue par voie judiciaire illustre les lacunes du dispositif actuel. Des voix s&#39;\u00e9l\u00e8vent r\u00e9guli\u00e8rement pour r\u00e9clamer une acc\u00e9l\u00e9ration des proc\u00e9dures judiciaires en mati\u00e8re d&#39;expulsion de squatteurs, une meilleure coordination entre les services de l&#39;\u00c9tat, et un soutien financier accru aux municipalit\u00e9s pour disposer de solutions d&#39;h\u00e9bergement temporaire permettant de d\u00e9bloquer ces situations.<\/p>\n<h3>Vers une m\u00e9diation renforc\u00e9e<\/h3>\n<p>D&#39;autres pistes \u00e9voqu\u00e9es pointent vers la m\u00e9diation. La mise en place de dispositifs structur\u00e9s entre propri\u00e9taires et occupants ill\u00e9gaux, avec l&#39;appui d&#39;associations sp\u00e9cialis\u00e9es dans les dynamiques sociales li\u00e9es au logement, pourrait permettre d&#39;\u00e9viter des situations d&#39;impasse totale. Ces approches ne r\u00e8glent pas la question du droit de propri\u00e9t\u00e9, mais elles pourraient raccourcir les d\u00e9lais et r\u00e9duire les situations d&#39;escalade.<\/p>\n<p>La question du <a href=\"https:\/\/addictimmobilier31.com\/blog\/\/selon-la-justice-le-locataire-qui-degrade-un-logement-na-rien-a-payer-en-fin-de-bail-si-son-proprietaire-oublie-cette-formalite\/\">droit des propri\u00e9taires face aux d\u00e9gradations de logement<\/a> est d&#39;ailleurs r\u00e9guli\u00e8rement soulev\u00e9e dans les tribunaux fran\u00e7ais, avec des d\u00e9cisions qui ne vont pas toujours dans le sens attendu par les bailleurs.<\/p>\n<div class=\"mos_pros-cons\">\n<div class=\"mos_pros\">\n<div class=\"mos_pros-title\">\u2705 Ce que la loi pr\u00e9voit (th\u00e9oriquement)<\/div>\n<ul>\n<li>Proc\u00e9dure d&rsquo;expulsion acc\u00e9l\u00e9r\u00e9e en cas de flagrant d\u00e9lit d&rsquo;occupation (72h)<\/li>\n<li>Loi anti-squat de 2023 renfor\u00e7ant les sanctions contre les occupants ill\u00e9gaux<\/li>\n<li>Possibilit\u00e9 de demander des dommages et int\u00e9r\u00eats au titre du pr\u00e9judice subi<\/li>\n<\/ul><\/div>\n<div class=\"mos_cons\">\n<div class=\"mos_cons-title\">\u274c Ce que la r\u00e9alit\u00e9 r\u00e9v\u00e8le souvent<\/div>\n<ul>\n<li>D\u00e9lais judiciaires qui s&rsquo;\u00e9tendent sur des mois, voire des ann\u00e9es<\/li>\n<li>Tr\u00eave hivernale suspendant toute expulsion entre novembre et mars<\/li>\n<li>Obligation de relogement pesant sur les collectivit\u00e9s, qui freine parfois l&rsquo;ex\u00e9cution<\/li>\n<\/ul><\/div>\n<\/div>\n<h2>Un propri\u00e9taire au bout du rouleau, une soci\u00e9t\u00e9 face \u00e0 ses contradictions<\/h2>\n<p>Le geste de ce propri\u00e9taire brestois est ill\u00e9gal au regard du droit fran\u00e7ais. Mais il parle d&#39;une r\u00e9alit\u00e9 que beaucoup reconnaissent : celle d&#39;un homme qui a tout essay\u00e9, attendu six ans, d\u00e9pens\u00e9 de l&#39;\u00e9nergie et propos\u00e9 de l&#39;argent, sans r\u00e9sultat. La destruction de son propre appartement n&#39;est pas un acte de vandalisme ordinaire. C&#39;est l&#39;expression d&#39;un \u00e9puisement total face \u00e0 une impasse institutionnelle.<\/p>\n<p>Les familles roumaines, elles, se retrouvent sans logement et d\u00e9pendent d\u00e9sormais de la solidarit\u00e9 publique. Le d\u00e9partement et les services sociaux de Brest ont pris le relais pour assurer leur relogement. L&#39;appartement, quant \u00e0 lui, est inutilisable pour toute future occupation, ce qui \u00e9tait pr\u00e9cis\u00e9ment l&#39;objectif du propri\u00e9taire.<\/p>\n<p>Cette affaire rappelle aussi que les questions de <a href=\"https:\/\/addictimmobilier31.com\/blog\/\/je-suis-notaire-voici-lage-ideal-pour-transferer-son-bien-immobilier-a-ses-enfants-et-eviter-les-frais-de-succession\/\">transmission et de protection du patrimoine immobilier<\/a> ne se limitent pas aux aspects fiscaux ou successoraux. Elles touchent \u00e0 la capacit\u00e9 concr\u00e8te d&#39;un propri\u00e9taire \u00e0 disposer de son bien, \u00e0 le d\u00e9fendre, et \u00e0 en assurer la jouissance effective. Quand cette capacit\u00e9 est ni\u00e9e pendant <strong>six ans<\/strong>, certains finissent par prendre la masse en main.<\/p>\n","protected":false},"excerpt":{"rendered":"<p>Un propri\u00e9taire brestois, exc\u00e9d\u00e9 par six ans d&#39;occupation ill\u00e9gale de son appartement, a choisi une voie radicale le 12 octobre 2024 : d\u00e9molir lui-m\u00eame son bien \u00e0 coups de masse et de barre \u00e0 mine pour contraindre les squatteurs \u00e0 partir. Une d\u00e9cision extr\u00eame qui r\u00e9v\u00e8le les limites d&#39;un syst\u00e8me juridique souvent impuissant face \u00e0 [&hellip;]<\/p>\n","protected":false},"author":1,"featured_media":1612,"comment_status":"open","ping_status":"open","sticky":false,"template":"","format":"standard","meta":{"_seopress_robots_primary_cat":"","_seopress_titles_title":"Exasp\u00e9r\u00e9 par les squatteurs, un propri\u00e9taire d\u00e9cide de d\u00e9truire son logement \u00e0 coups de masse pour les chasser","_seopress_titles_desc":"%%post_excerpt%%","_seopress_robots_index":"","footnotes":""},"categories":[1],"tags":[],"class_list":{"0":"post-1615","1":"post","2":"type-post","3":"status-publish","4":"format-standard","5":"has-post-thumbnail","7":"category-immo"},"_links":{"self":[{"href":"https:\/\/www.addictimmobilier31.com\/blog\/wp-json\/wp\/v2\/posts\/1615","targetHints":{"allow":["GET"]}}],"collection":[{"href":"https:\/\/www.addictimmobilier31.com\/blog\/wp-json\/wp\/v2\/posts"}],"about":[{"href":"https:\/\/www.addictimmobilier31.com\/blog\/wp-json\/wp\/v2\/types\/post"}],"author":[{"embeddable":true,"href":"https:\/\/www.addictimmobilier31.com\/blog\/wp-json\/wp\/v2\/users\/1"}],"replies":[{"embeddable":true,"href":"https:\/\/www.addictimmobilier31.com\/blog\/wp-json\/wp\/v2\/comments?post=1615"}],"version-history":[{"count":1,"href":"https:\/\/www.addictimmobilier31.com\/blog\/wp-json\/wp\/v2\/posts\/1615\/revisions"}],"predecessor-version":[{"id":1627,"href":"https:\/\/www.addictimmobilier31.com\/blog\/wp-json\/wp\/v2\/posts\/1615\/revisions\/1627"}],"wp:featuredmedia":[{"embeddable":true,"href":"https:\/\/www.addictimmobilier31.com\/blog\/wp-json\/wp\/v2\/media\/1612"}],"wp:attachment":[{"href":"https:\/\/www.addictimmobilier31.com\/blog\/wp-json\/wp\/v2\/media?parent=1615"}],"wp:term":[{"taxonomy":"category","embeddable":true,"href":"https:\/\/www.addictimmobilier31.com\/blog\/wp-json\/wp\/v2\/categories?post=1615"},{"taxonomy":"post_tag","embeddable":true,"href":"https:\/\/www.addictimmobilier31.com\/blog\/wp-json\/wp\/v2\/tags?post=1615"}],"curies":[{"name":"wp","href":"https:\/\/api.w.org\/{rel}","templated":true}]}}