{"id":1590,"date":"2026-04-01T16:47:08","date_gmt":"2026-04-01T14:47:08","guid":{"rendered":"https:\/\/www.addictimmobilier31.com\/blog\/?p=1590"},"modified":"2026-04-01T16:47:09","modified_gmt":"2026-04-01T14:47:09","slug":"permis-de-conduire-il-sera-desormais-possible-de-le-passer-des-14-ans-a-partir-de-cette-date","status":"publish","type":"post","link":"https:\/\/www.addictimmobilier31.com\/blog\/permis-de-conduire-il-sera-desormais-possible-de-le-passer-des-14-ans-a-partir-de-cette-date\/","title":{"rendered":"Permis de conduire : il sera d\u00e9sormais possible de le passer d\u00e8s 14 ans \u00e0 partir de cette date"},"content":{"rendered":"\n<p>L\u2019id\u00e9e ne manquera pas de faire r\u00e9agir. Selon plusieurs pistes actuellement \u00e9voqu\u00e9es autour de la mobilit\u00e9 des jeunes, l\u2019\u00e2ge minimum pour acc\u00e9der au permis de conduire pourrait \u00eatre abaiss\u00e9 \u00e0 14 ans, dans un cadre strictement encadr\u00e9.<\/p>\n\n\n\n<p>Si aucun calendrier pr\u00e9cis n\u2019est avanc\u00e9 \u00e0 ce stade, la r\u00e9flexion s\u2019inscrit dans un contexte plus large de transformation des modes de d\u00e9placement, notamment dans les territoires o\u00f9 les alternatives \u00e0 la voiture restent limit\u00e9es.<\/p>\n\n\n\n<h2 class=\"wp-block-heading\">Une r\u00e9flexion relanc\u00e9e par les difficult\u00e9s de mobilit\u00e9<\/h2>\n\n\n\n<p>Depuis plusieurs ann\u00e9es, la question de l\u2019autonomie des jeunes revient r\u00e9guli\u00e8rement dans les d\u00e9bats li\u00e9s \u00e0 l\u2019am\u00e9nagement du territoire. Dans de nombreuses zones rurales, l\u2019absence de transports en commun efficaces complique les d\u00e9placements du quotidien.<\/p>\n\n\n\n<p>Se rendre au lyc\u00e9e, acc\u00e9der \u00e0 une activit\u00e9 sportive ou simplement se d\u00e9placer en dehors des centres urbains devient rapidement contraignant sans v\u00e9hicule. Une r\u00e9alit\u00e9 que connaissent bien de nombreuses familles, contraintes d\u2019organiser leurs journ\u00e9es autour des trajets.<\/p>\n\n\n\n<p>Dans ce contexte, l\u2019hypoth\u00e8se d\u2019un acc\u00e8s plus pr\u00e9coce \u00e0 la conduite refait surface, avec l\u2019id\u00e9e d\u2019adapter les r\u00e8gles aux besoins concrets du terrain.<\/p>\n\n\n\n<h2 class=\"wp-block-heading\">Un dispositif qui resterait tr\u00e8s encadr\u00e9<\/h2>\n\n\n\n<p>Il ne serait pas question d\u2019ouvrir pleinement l\u2019acc\u00e8s au permis classique d\u00e8s 14 ans. Les sc\u00e9narios envisag\u00e9s reposeraient plut\u00f4t sur une formule interm\u00e9diaire, pens\u00e9e comme une \u00e9tape progressive vers la conduite autonome.<\/p>\n\n\n\n<p>Plusieurs options sont \u00e9voqu\u00e9es : limitation de la vitesse, interdiction de circuler la nuit, zones g\u00e9ographiques d\u00e9finies ou encore restriction \u00e0 certains types de v\u00e9hicules.<\/p>\n\n\n\n<p>L\u2019une des pistes consisterait \u00e9galement \u00e0 privil\u00e9gier des v\u00e9hicules l\u00e9gers, voire \u00e9lectriques, afin de r\u00e9duire les risques et d\u2019encadrer davantage les conditions de circulation.<\/p>\n\n\n\n<p>L\u2019objectif serait double : offrir une forme d\u2019autonomie aux adolescents tout en maintenant un haut niveau de s\u00e9curit\u00e9.<\/p>\n\n\n\n<h2 class=\"wp-block-heading\">Une \u00e9volution dans la continuit\u00e9 des dispositifs existants<\/h2>\n\n\n\n<p>La France a d\u00e9j\u00e0 progressivement assoupli l\u2019acc\u00e8s \u00e0 la conduite ces derni\u00e8res ann\u00e9es. L\u2019apprentissage anticip\u00e9, la conduite accompagn\u00e9e ou encore l\u2019abaissement de l\u2019\u00e2ge du permis \u00e0 17 ans ont marqu\u00e9 des \u00e9tapes importantes.<\/p>\n\n\n\n<p>Dans cette logique, l\u2019id\u00e9e d\u2019un acc\u00e8s encore plus pr\u00e9coce, mais encadr\u00e9, s\u2019inscrirait dans une forme de continuit\u00e9. Elle viserait \u00e0 mieux pr\u00e9parer les jeunes conducteurs tout en r\u00e9pondant \u00e0 des besoins concrets.<\/p>\n\n\n\n<p>Reste \u00e0 savoir si une telle \u00e9volution serait accept\u00e9e par l\u2019opinion publique.<\/p>\n\n\n\n<h2 class=\"wp-block-heading\">Entre pragmatisme et inqui\u00e9tudes<\/h2>\n\n\n\n<p>Sans surprise, le sujet divise d\u00e9j\u00e0.<\/p>\n\n\n\n<p>Pour certains, il s\u2019agirait d\u2019une r\u00e9ponse adapt\u00e9e aux r\u00e9alit\u00e9s de terrain, notamment dans les zones o\u00f9 la voiture est indispensable. Pour d\u2019autres, la question de la maturit\u00e9 reste centrale.<\/p>\n\n\n\n<p>La capacit\u00e9 \u00e0 anticiper les dangers, \u00e0 g\u00e9rer le stress ou \u00e0 prendre des d\u00e9cisions rapides au volant sont autant de comp\u00e9tences qui ne s\u2019improvisent pas. Plusieurs acteurs de la s\u00e9curit\u00e9 routi\u00e8re appellent ainsi \u00e0 la prudence face \u00e0 ce type de projet.<\/p>\n\n\n\n<p>Le d\u00e9bat, lui, semble in\u00e9vitable.<\/p>\n\n\n\n<h2 class=\"wp-block-heading\">Une mesure encore incertaine<\/h2>\n\n\n\n<p>\u00c0 ce stade, aucune d\u00e9cision officielle n\u2019a \u00e9t\u00e9 annonc\u00e9e et les contours d\u2019un \u00e9ventuel dispositif restent flous. La piste continue n\u00e9anmoins de circuler, preuve que la question de la mobilit\u00e9 des jeunes demeure un enjeu majeur.<\/p>\n\n\n\n<p>Reste \u00e0 savoir si cette id\u00e9e ira plus loin qu\u2019un simple sujet de r\u00e9flexion\u2026 ou si elle restera au stade de discussion.<\/p>\n\n\n\n<p>Avant de vous imaginer d\u00e9j\u00e0 croiser des coll\u00e9giens au volant en sortant du coll\u00e8ge, pr\u00e9cisons tout de m\u00eame une chose, vous \u00eates tomb\u00e9 sur un poisson d\u2019avril.<\/p>\n","protected":false},"excerpt":{"rendered":"<p>L\u2019id\u00e9e ne manquera pas de faire r\u00e9agir. Selon plusieurs pistes actuellement \u00e9voqu\u00e9es autour de la mobilit\u00e9 des jeunes, l\u2019\u00e2ge minimum pour acc\u00e9der au permis de conduire pourrait \u00eatre abaiss\u00e9 \u00e0 14 ans, dans un cadre strictement encadr\u00e9. Si aucun calendrier pr\u00e9cis n\u2019est avanc\u00e9 \u00e0 ce stade, la r\u00e9flexion s\u2019inscrit dans un contexte plus large de [&hellip;]<\/p>\n","protected":false},"author":1,"featured_media":1601,"comment_status":"open","ping_status":"open","sticky":false,"template":"","format":"standard","meta":{"_seopress_robots_primary_cat":"none","_seopress_titles_title":"Permis de conduire : il sera d\u00e9sormais possible de le passer d\u00e8s 14 ans \u00e0 partir de cette date","_seopress_titles_desc":"%%post_excerpt%%","_seopress_robots_index":"","footnotes":""},"categories":[12],"tags":[],"class_list":{"0":"post-1590","1":"post","2":"type-post","3":"status-publish","4":"format-standard","5":"has-post-thumbnail","7":"category-actu"},"_links":{"self":[{"href":"https:\/\/www.addictimmobilier31.com\/blog\/wp-json\/wp\/v2\/posts\/1590","targetHints":{"allow":["GET"]}}],"collection":[{"href":"https:\/\/www.addictimmobilier31.com\/blog\/wp-json\/wp\/v2\/posts"}],"about":[{"href":"https:\/\/www.addictimmobilier31.com\/blog\/wp-json\/wp\/v2\/types\/post"}],"author":[{"embeddable":true,"href":"https:\/\/www.addictimmobilier31.com\/blog\/wp-json\/wp\/v2\/users\/1"}],"replies":[{"embeddable":true,"href":"https:\/\/www.addictimmobilier31.com\/blog\/wp-json\/wp\/v2\/comments?post=1590"}],"version-history":[{"count":1,"href":"https:\/\/www.addictimmobilier31.com\/blog\/wp-json\/wp\/v2\/posts\/1590\/revisions"}],"predecessor-version":[{"id":1602,"href":"https:\/\/www.addictimmobilier31.com\/blog\/wp-json\/wp\/v2\/posts\/1590\/revisions\/1602"}],"wp:featuredmedia":[{"embeddable":true,"href":"https:\/\/www.addictimmobilier31.com\/blog\/wp-json\/wp\/v2\/media\/1601"}],"wp:attachment":[{"href":"https:\/\/www.addictimmobilier31.com\/blog\/wp-json\/wp\/v2\/media?parent=1590"}],"wp:term":[{"taxonomy":"category","embeddable":true,"href":"https:\/\/www.addictimmobilier31.com\/blog\/wp-json\/wp\/v2\/categories?post=1590"},{"taxonomy":"post_tag","embeddable":true,"href":"https:\/\/www.addictimmobilier31.com\/blog\/wp-json\/wp\/v2\/tags?post=1590"}],"curies":[{"name":"wp","href":"https:\/\/api.w.org\/{rel}","templated":true}]}}