{"id":1575,"date":"2026-04-01T10:33:45","date_gmt":"2026-04-01T08:33:45","guid":{"rendered":"https:\/\/www.addictimmobilier31.com\/blog\/?p=1575"},"modified":"2026-04-01T10:34:14","modified_gmt":"2026-04-01T08:34:14","slug":"la-limitation-de-vitesse-a-80-kmh-en-france-cest-termine-un-retour-a-90-kmh-est-confirme-a-partir-de-cette-date-voici-les-routes-concernees-2","status":"publish","type":"post","link":"https:\/\/www.addictimmobilier31.com\/blog\/la-limitation-de-vitesse-a-80-kmh-en-france-cest-termine-un-retour-a-90-kmh-est-confirme-a-partir-de-cette-date-voici-les-routes-concernees-2\/","title":{"rendered":"La limitation de vitesse \u00e0 80 km\/h en France c\u2019est termin\u00e9 : un retour \u00e0 90 km\/h est confirm\u00e9 \u00e0 partir de cette date, voici les routes concern\u00e9es"},"content":{"rendered":"<blockquote>\n<p>La limitation de vitesse \u00e0 <strong>80 km\/h<\/strong> sur les routes secondaires fran\u00e7aises est en train de c\u00e9der du terrain. Plusieurs d\u00e9partements, dont l&#39;<strong>Eure<\/strong>, ont engag\u00e9 un processus de retour \u00e0 <strong>90 km\/h<\/strong> sur certains axes, avec une g\u00e9n\u00e9ralisation pr\u00e9vue <strong>d&#39;ici 2026<\/strong>. Mais le changement ne sera ni automatique ni uniforme : chaque route est examin\u00e9e individuellement, selon des crit\u00e8res pr\u00e9cis d&#39;accidentologie et de configuration.<\/p>\n<\/blockquote>\n<p>Six ans apr\u00e8s son entr\u00e9e en vigueur, la limitation \u00e0 <strong>80 km\/h<\/strong> impos\u00e9e en <strong>2018<\/strong> sur les routes hors agglom\u00e9ration continue de diviser. Les automobilistes n&#39;ont jamais vraiment accept\u00e9 la mesure, et plusieurs conseils d\u00e9partementaux ont pris acte de ce rejet en engageant un retour progressif \u00e0 <strong>90 km\/h<\/strong>. Ce n&#39;est pas un abandon de la s\u00e9curit\u00e9 routi\u00e8re, mais une r\u00e9\u00e9valuation terrain par terrain, chiffres \u00e0 l&#39;appui.<\/p>\n<p>Et pour les conducteurs qui suivent aussi de pr\u00e8s les \u00e9volutions r\u00e9glementaires, la question du <a href=\"https:\/\/addictimmobilier31.com\/blog\/\/automobilistes-il-sera-desormais-obligatoire-de-changer-votre-permis-par-un-nouveau-avant-cette-date-sous-peine-damende\/\">renouvellement obligatoire du permis de conduire<\/a> avant une certaine date m\u00e9rite \u00e9galement attention.<\/p>\n<h2>Le retour \u00e0 90 km\/h s&#39;installe progressivement dans les d\u00e9partements<\/h2>\n<p>La d\u00e9cision de repasser \u00e0 <strong>90 km\/h<\/strong> ne vient pas du gouvernement central, mais des <strong>conseils d\u00e9partementaux<\/strong>, qui disposent depuis <strong>2019<\/strong> de la comp\u00e9tence pour relever la vitesse sur leurs routes, \u00e0 condition de justifier ce choix par une analyse s\u00e9rieuse de l&#39;accidentologie locale. Plusieurs d&#39;entre eux ont saisi cette possibilit\u00e9, et le mouvement s&#39;est acc\u00e9l\u00e9r\u00e9 ces derni\u00e8res ann\u00e9es.<\/p>\n<p>Le constat partag\u00e9 par ces autorit\u00e9s locales est clair : les b\u00e9n\u00e9fices attendus de la limitation \u00e0 <strong>80 km\/h<\/strong> sur la mortalit\u00e9 routi\u00e8re n&#39;ont pas \u00e9t\u00e9 constat\u00e9s de fa\u00e7on suffisamment significative sur le terrain pour justifier le maintien d&#39;une mesure aussi impopulaire. Le rejet massif de la r\u00e8gle par les <strong>automobilistes fran\u00e7ais<\/strong> a pes\u00e9 dans la balance, sans pour autant \u00eatre le seul facteur.<\/p>\n<h3>L&#39;Eure, un exemple de m\u00e9thode rigoureuse<\/h3>\n<p>Le d\u00e9partement de l&#39;<strong>Eure<\/strong> illustre bien la d\u00e9marche engag\u00e9e. Les autorit\u00e9s y ont lanc\u00e9 une analyse exhaustive de <strong>420 itin\u00e9raires d\u00e9partementaux<\/strong>, passant chacun au crible de crit\u00e8res multiples : \u00e9tat de la chauss\u00e9e, visibilit\u00e9, relief, densit\u00e9 du trafic, type de v\u00e9hicules circulant, fr\u00e9quentation, et surtout l&#39;<strong>accidentologie historique<\/strong> de chaque tron\u00e7on. Ce travail de fond conditionne directement quels axes pourront b\u00e9n\u00e9ficier du rel\u00e8vement \u00e0 <strong>90 km\/h<\/strong> et lesquels resteront \u00e0 <strong>80 km\/h<\/strong>.<\/p>\n<p>Le budget allou\u00e9 au seul remplacement des panneaux de signalisation dans l&#39;Eure s&#39;\u00e9l\u00e8ve \u00e0 <strong>200 000 euros<\/strong>. Une somme cons\u00e9quente, qui t\u00e9moigne de l&#39;ampleur logistique de l&#39;op\u00e9ration. La g\u00e9n\u00e9ralisation du nouveau dispositif dans ce d\u00e9partement est attendue <strong>d&#39;ici \u00e0 2026<\/strong>.<\/p>\n<div class=\"mos_stat\">\n  <span class=\"mos_stat-number\">420<\/span><br \/>\n  <span class=\"mos_stat-label\">itin\u00e9raires d\u00e9partementaux analys\u00e9s dans l&rsquo;Eure avant tout rel\u00e8vement de vitesse<\/span>\n<\/div>\n<h2>Les routes concern\u00e9es ob\u00e9issent \u00e0 des crit\u00e8res stricts<\/h2>\n<p>Tous les axes ne repasseront pas \u00e0 <strong>90 km\/h<\/strong>. La s\u00e9lection repose sur une grille d&#39;\u00e9valuation pr\u00e9cise, et les portions qui traversent des zones habit\u00e9es ou pr\u00e9sentent un fort taux d&#39;accidents historiques resteront limit\u00e9es \u00e0 <strong>80 km\/h<\/strong>. Le retour \u00e0 la vitesse sup\u00e9rieure concerne principalement les routes r\u00e9pondant \u00e0 plusieurs conditions cumul\u00e9es.<\/p>\n<p>Les axes retenus sont en g\u00e9n\u00e9ral des <strong>portions principales reliant deux communes majeures<\/strong> du d\u00e9partement, offrant une visibilit\u00e9 accrue et un relief peu accident\u00e9. Ces routes sont aussi caract\u00e9ris\u00e9es par une faible fr\u00e9quentation des poids-lourds et un historique r\u00e9cent sans incident grave. Concr\u00e8tement, ce sont des itin\u00e9raires o\u00f9 les conditions objectives de conduite permettent une vitesse plus \u00e9lev\u00e9e sans augmenter le risque pour les usagers.<\/p>\n<div class=\"mos_callout mos_callout-warning\">\n  <span class=\"mos_callout-icon\">\u26a0\ufe0f<\/span><\/p>\n<div class=\"mos_callout-body\">\n    <span class=\"mos_callout-title\">Attention<\/span><br \/>\n    Le rel\u00e8vement \u00e0 90 km\/h ne s&rsquo;applique pas automatiquement \u00e0 toutes les routes secondaires. Les portions traversant des zones habit\u00e9es ou pr\u00e9sentant un historique d&rsquo;accidents graves restent limit\u00e9es \u00e0 80 km\/h. V\u00e9rifiez toujours la signalisation en place.\n  <\/div>\n<\/div>\n<h3>Une carte nationale tr\u00e8s h\u00e9t\u00e9rog\u00e8ne<\/h3>\n<p>R\u00e9sultat : la carte des limitations de vitesse sur le r\u00e9seau secondaire fran\u00e7ais devient particuli\u00e8rement complexe \u00e0 lire. D&#39;un d\u00e9partement \u00e0 l&#39;autre, et parfois d&#39;une route \u00e0 l&#39;autre dans le m\u00eame d\u00e9partement, la limitation applicable peut varier. Certains conseils d\u00e9partementaux ont relev\u00e9 massivement, d&#39;autres n&#39;ont encore rien chang\u00e9. Les <strong>conducteurs<\/strong> qui empruntent r\u00e9guli\u00e8rement des itin\u00e9raires interr\u00e9gionaux doivent donc redoubler d&#39;attention face \u00e0 cette h\u00e9t\u00e9rog\u00e9n\u00e9it\u00e9 croissante de la signalisation routi\u00e8re.<\/p>\n<p>La multiplication des <strong>radars p\u00e9dagogiques<\/strong> et des radars fixes accompagne ces changements dans plusieurs zones, notamment l\u00e0 o\u00f9 la transition entre deux limitations s&#39;op\u00e8re sur un court tron\u00e7on. Les autorit\u00e9s locales entendent surveiller l&#39;\u00e9volution des comportements apr\u00e8s la mise en \u0153uvre du nouveau dispositif, en particulier sur les axes nouvellement relev\u00e9s \u00e0 <strong>90 km\/h<\/strong>.<\/p>\n<h2>Six ans de 80 km\/h : un bilan contest\u00e9<\/h2>\n<p>Introduite en <strong>juillet 2018<\/strong> par le gouvernement de l&#39;\u00e9poque, la limitation \u00e0 <strong>80 km\/h<\/strong> sur les routes bidirectionnelles sans s\u00e9parateur central avait suscit\u00e9 une lev\u00e9e de boucliers imm\u00e9diate. Les <strong>automobilistes fran\u00e7ais<\/strong>, notamment dans les zones rurales o\u00f9 la voiture reste le seul moyen de d\u00e9placement, ont v\u00e9cu cette mesure comme une contrainte injuste et peu efficace. Les <strong>six ann\u00e9es<\/strong> d&#39;application n&#39;ont pas suffi \u00e0 retourner l&#39;opinion.<\/p>\n<p>Du c\u00f4t\u00e9 des autorit\u00e9s locales, le bilan est \u00e9galement nuanc\u00e9. Si la s\u00e9curit\u00e9 routi\u00e8re reste une priorit\u00e9 absolue, les donn\u00e9es d&#39;accidentologie recueillies sur le terrain n&#39;ont pas d\u00e9montr\u00e9 une r\u00e9duction suffisamment nette de la mortalit\u00e9 pour l\u00e9gitimer le maintien g\u00e9n\u00e9ralis\u00e9 de cette limitation. C&#39;est cet argument de fond, plus que la pression populaire seule, qui a conduit plusieurs <strong>collectivit\u00e9s<\/strong> \u00e0 enclencher le retour \u00e0 <strong>90 km\/h<\/strong>.<\/p>\n<h3>Quand un radar affiche 703 km\/h<\/h3>\n<p>Parmi les anecdotes r\u00e9v\u00e9latrices des limites du dispositif de contr\u00f4le, une conductrice a \u00e9t\u00e9 flash\u00e9e \u00e0 <strong>703 km\/h<\/strong> sur une route. Une erreur technique manifeste, qui illustre les dysfonctionnements possibles dans le d\u00e9ploiement des \u00e9quipements de contr\u00f4le. L&#39;incident, aussi improbable qu&#39;il soit physiquement, pointe vers la n\u00e9cessit\u00e9 d&#39;un suivi rigoureux des appareils en place, en particulier lors des phases de transition entre deux limitations diff\u00e9rentes.<\/p>\n<p>Pour les automobilistes, l&#39;enjeu reste de taille : adapter leur vitesse non seulement aux panneaux, mais aussi aux conditions r\u00e9elles de circulation, qu&#39;il s&#39;agisse de la m\u00e9t\u00e9o, de l&#39;\u00e9tat de la chauss\u00e9e ou de l&#39;affluence. Une vigilance d&#39;autant plus n\u00e9cessaire que la signalisation va continuer d&#39;\u00e9voluer sur de nombreux axes dans les mois \u00e0 venir, avant la g\u00e9n\u00e9ralisation attendue en <strong>2026<\/strong>. Les conducteurs soucieux de rester inform\u00e9s des \u00e9volutions qui touchent leur quotidien au volant peuvent aussi suivre l&#39;actualit\u00e9 sur les <a href=\"https:\/\/addictimmobilier31.com\/blog\/\/permis-de-conduire-les-seniors-devront-desormais-le-repasser-tous-les-5-ans-a-partir-de-cet-age-ce-que-lon-sait\/\">nouvelles r\u00e8gles concernant le permis pour les seniors<\/a>, autre sujet qui agite la communaut\u00e9 des automobilistes. Et pour ceux qui se pr\u00e9occupent du co\u00fbt du carburant en parall\u00e8le, la question d&#39;une <a href=\"https:\/\/addictimmobilier31.com\/blog\/\/hausse-carburant-17-centimes-deuros-par-litre-a-partir-de-cette-date-voici-pourquoi-une-flambee-des-prix-est-redoutee\/\">possible hausse des prix \u00e0 la pompe<\/a> reste \u00e9galement d&#39;actualit\u00e9.<\/p>\n","protected":false},"excerpt":{"rendered":"<p>La limitation de vitesse \u00e0 80 km\/h sur les routes secondaires fran\u00e7aises est en train de c\u00e9der du terrain. Plusieurs d\u00e9partements, dont l&#39;Eure, ont engag\u00e9 un processus de retour \u00e0 90 km\/h sur certains axes, avec une g\u00e9n\u00e9ralisation pr\u00e9vue d&#39;ici 2026. Mais le changement ne sera ni automatique ni uniforme : chaque route est examin\u00e9e [&hellip;]<\/p>\n","protected":false},"author":1,"featured_media":1572,"comment_status":"open","ping_status":"open","sticky":false,"template":"","format":"standard","meta":{"_seopress_robots_primary_cat":"","_seopress_titles_title":"La limitation de vitesse \u00e0 80 km\/h en France c\u2019est termin\u00e9 : un retour \u00e0 90 km\/h est confirm\u00e9 \u00e0 partir de cette date, voici les routes concern\u00e9es","_seopress_titles_desc":"%%post_excerpt%%","_seopress_robots_index":"","footnotes":""},"categories":[12],"tags":[],"class_list":{"0":"post-1575","1":"post","2":"type-post","3":"status-publish","4":"format-standard","5":"has-post-thumbnail","7":"category-actu"},"_links":{"self":[{"href":"https:\/\/www.addictimmobilier31.com\/blog\/wp-json\/wp\/v2\/posts\/1575","targetHints":{"allow":["GET"]}}],"collection":[{"href":"https:\/\/www.addictimmobilier31.com\/blog\/wp-json\/wp\/v2\/posts"}],"about":[{"href":"https:\/\/www.addictimmobilier31.com\/blog\/wp-json\/wp\/v2\/types\/post"}],"author":[{"embeddable":true,"href":"https:\/\/www.addictimmobilier31.com\/blog\/wp-json\/wp\/v2\/users\/1"}],"replies":[{"embeddable":true,"href":"https:\/\/www.addictimmobilier31.com\/blog\/wp-json\/wp\/v2\/comments?post=1575"}],"version-history":[{"count":1,"href":"https:\/\/www.addictimmobilier31.com\/blog\/wp-json\/wp\/v2\/posts\/1575\/revisions"}],"predecessor-version":[{"id":1586,"href":"https:\/\/www.addictimmobilier31.com\/blog\/wp-json\/wp\/v2\/posts\/1575\/revisions\/1586"}],"wp:featuredmedia":[{"embeddable":true,"href":"https:\/\/www.addictimmobilier31.com\/blog\/wp-json\/wp\/v2\/media\/1572"}],"wp:attachment":[{"href":"https:\/\/www.addictimmobilier31.com\/blog\/wp-json\/wp\/v2\/media?parent=1575"}],"wp:term":[{"taxonomy":"category","embeddable":true,"href":"https:\/\/www.addictimmobilier31.com\/blog\/wp-json\/wp\/v2\/categories?post=1575"},{"taxonomy":"post_tag","embeddable":true,"href":"https:\/\/www.addictimmobilier31.com\/blog\/wp-json\/wp\/v2\/tags?post=1575"}],"curies":[{"name":"wp","href":"https:\/\/api.w.org\/{rel}","templated":true}]}}