{"id":1536,"date":"2026-03-31T16:30:11","date_gmt":"2026-03-31T14:30:11","guid":{"rendered":"https:\/\/www.addictimmobilier31.com\/blog\/?p=1536"},"modified":"2026-03-31T16:30:40","modified_gmt":"2026-03-31T14:30:40","slug":"permis-de-conduire-les-seniors-devront-desormais-le-repasser-tous-les-5-ans-a-partir-de-cet-age-ce-que-lon-sait-2","status":"publish","type":"post","link":"https:\/\/www.addictimmobilier31.com\/blog\/permis-de-conduire-les-seniors-devront-desormais-le-repasser-tous-les-5-ans-a-partir-de-cet-age-ce-que-lon-sait-2\/","title":{"rendered":"Permis de conduire : les seniors devront d\u00e9sormais le repasser tous les 5 ans \u00e0 partir de cet \u00e2ge, ce que l\u2019on sait"},"content":{"rendered":"<blockquote>\n<p>Un projet de loi port\u00e9 par <strong>85 d\u00e9put\u00e9s<\/strong> pr\u00e9voit d&#39;imposer aux conducteurs fran\u00e7ais \u00e2g\u00e9s de <strong>plus de 70 ans<\/strong> un renouvellement obligatoire du permis de conduire tous les <strong>5 ans<\/strong>, conditionn\u00e9 \u00e0 une visite m\u00e9dicale. Le texte, encore au stade parlementaire, suscite une opposition vive, notamment de la part de l&#39;association <strong>\u00ab 40 millions d&#39;automobilistes \u00bb<\/strong>, et son adoption reste incertaine dans les prochaines semaines.<\/p>\n<\/blockquote>\n<p>Le d\u00e9bat sur le permis de conduire des seniors revient r\u00e9guli\u00e8rement sur la table politique, en France comme au niveau europ\u00e9en. Cette fois, il prend la forme d&#39;une proposition concr\u00e8te, chiffr\u00e9e, et port\u00e9e par une coalition transpartisane \u00e0 l&#39;<strong>Assembl\u00e9e nationale<\/strong>. Mais entre intention l\u00e9gislative et r\u00e9alit\u00e9 du terrain, les \u00e9carts sont nombreux.<\/p>\n<p><strong>Aujourd&#39;hui<\/strong>, aucune obligation nouvelle ne s&#39;applique aux conducteurs de plus de 70 ans. Le permis de cat\u00e9gorie <strong>B<\/strong> (voitures) ou de cat\u00e9gorie <strong>A<\/strong> (deux-roues motoris\u00e9s) reste valable dans les m\u00eames conditions qu&#39;avant cet \u00e2ge. C&#39;est pr\u00e9cis\u00e9ment ce statu quo que le projet de loi entend modifier, en introduisant une logique de contr\u00f4le p\u00e9riodique calqu\u00e9e sur ce qui existe d\u00e9j\u00e0 pour les conducteurs professionnels.<\/p>\n<h2>Le projet de loi sur le permis senior : ce qui est pr\u00e9vu<\/h2>\n<p>Le m\u00e9canisme imagin\u00e9 par les <strong>85 d\u00e9put\u00e9s<\/strong> signataires est relativement simple dans sa conception. \u00c0 partir de <strong>70 ans<\/strong>, tout titulaire d&#39;un permis de cat\u00e9gorie A ou B devrait se soumettre \u00e0 un examen m\u00e9dical tous les <strong>5 ans<\/strong> pour conserver son droit \u00e0 conduire. Les permis poids lourds et v\u00e9hicules de transport en commun ne sont pas concern\u00e9s : ils sont d\u00e9j\u00e0 soumis \u00e0 des obligations m\u00e9dicales sp\u00e9cifiques et r\u00e9guli\u00e8res.<\/p>\n<h3>Le d\u00e9roulement de la visite m\u00e9dicale<\/h3>\n<p>La visite serait r\u00e9alis\u00e9e par un <strong>m\u00e9decin g\u00e9n\u00e9raliste ou sp\u00e9cialiste<\/strong>. Elle porterait sur trois dimensions principales : les <strong>capacit\u00e9s visuelles<\/strong>, les <strong>capacit\u00e9s auditives<\/strong> et les <strong>capacit\u00e9s cognitives<\/strong>. Autrement dit, le m\u00e9decin \u00e9valuerait si le conducteur pr\u00e9sente des d\u00e9ficiences susceptibles de compromettre sa s\u00e9curit\u00e9 ou celle des autres usagers de la route. L&#39;avis m\u00e9dical serait ensuite transmis \u00e0 la <strong>pr\u00e9fecture<\/strong>, qui prendrait la d\u00e9cision finale de renouveler ou non le permis.<\/p>\n<h3>Le financement du dispositif<\/h3>\n<p>Sur le plan financier, le projet pr\u00e9voit que les seniors concern\u00e9s ne supportent aucun co\u00fbt direct. Le financement du dispositif serait assur\u00e9 par une <strong>taxe additionnelle sur le tabac<\/strong>. Un choix qui vise \u00e0 d\u00e9samorcer l&#39;argument de la charge suppl\u00e9mentaire impos\u00e9e \u00e0 une population souvent sous contrainte budg\u00e9taire, notamment les retrait\u00e9s dont les <a href=\"https:\/\/addictimmobilier31.com\/blog\/\/retraite-voici-le-montant-dune-pension-ideale-pour-une-personne-qui-vit-seule-en-2026\/\">pensions sont d\u00e9j\u00e0 sous pression<\/a>.<\/p>\n<div class=\"mos_callout mos_callout-info\">\n  <span class=\"mos_callout-icon\">\u2139\ufe0f<\/span><\/p>\n<div class=\"mos_callout-body\">\n    <span class=\"mos_callout-title\">\u00c9tat du texte<\/span><br \/>\n    \u00c0 ce jour, ce projet de loi n&rsquo;a pas \u00e9t\u00e9 adopt\u00e9. Aucune obligation nouvelle ne s&rsquo;applique aux conducteurs seniors en France. Le texte doit encore franchir plusieurs \u00e9tapes du calendrier parlementaire avant d&rsquo;\u00e9ventuellement entrer en vigueur.\n  <\/div>\n<\/div>\n<h2>Les arguments des partisans du renouvellement obligatoire<\/h2>\n<p>Les d\u00e9fenseurs du texte avancent principalement un argument de sant\u00e9 publique. Avec l&#39;\u00e2ge, certaines pathologies \u00e9voluent silencieusement : troubles cognitifs, baisse de l&#39;acuit\u00e9 visuelle, diminution des r\u00e9flexes auditifs. Une visite m\u00e9dicale p\u00e9riodique permettrait une <strong>d\u00e9tection pr\u00e9coce<\/strong> de maladies d\u00e9g\u00e9n\u00e9ratives, comme des formes d\u00e9butantes de d\u00e9mence ou des probl\u00e8mes oculaires non diagnostiqu\u00e9s, avant qu&#39;ils ne se traduisent par un accident.<\/p>\n<p>Le <strong>Parlement europ\u00e9en<\/strong> a d&#39;ailleurs d\u00e9j\u00e0 examin\u00e9 la question d&#39;un permis de conduire sp\u00e9cial pour les conducteurs de plus de <strong>70 ans<\/strong>, signe que la r\u00e9flexion d\u00e9passe les fronti\u00e8res fran\u00e7aises. La France ne serait donc pas isol\u00e9e si elle adoptait un tel dispositif.<\/p>\n<p>Par ailleurs, les promoteurs du projet insistent sur la neutralit\u00e9 financi\u00e8re du m\u00e9canisme pour les seniors. Contrairement \u00e0 d&#39;autres r\u00e9formes r\u00e9centes qui ont pes\u00e9 sur les retrait\u00e9s, comme les d\u00e9bats autour de <a href=\"https:\/\/addictimmobilier31.com\/blog\/\/apres-le-chomage-la-cour-des-comptes-va-sattaquer-a-des-millions-de-retraites-ces-deux-categories-sont-dans-le-viseur\/\">certaines cat\u00e9gories de pensionn\u00e9s dans le viseur de la Cour des comptes<\/a>, celle-ci ne g\u00e9n\u00e8re pas de d\u00e9pense directe pour les personnes concern\u00e9es.<\/p>\n<h2>Une opposition frontale port\u00e9e par \u00ab 40 millions d&#39;automobilistes \u00bb<\/h2>\n<p>L&#39;association <strong>\u00ab 40 millions d&#39;automobilistes \u00bb<\/strong> ne m\u00e2che pas ses mots. Son opposition au projet repose sur plusieurs piliers, dont un argument statistique qui m\u00e9rite attention : selon les donn\u00e9es de mortalit\u00e9 routi\u00e8re <strong>2024<\/strong>, la tranche d&#39;\u00e2ge la plus impliqu\u00e9e dans les accidents fatals n&#39;est pas celle des seniors, mais celle des <strong>18-24 ans<\/strong>. Cibler les plus de 70 ans reviendrait donc, selon l&#39;association, \u00e0 d\u00e9signer un bouc \u00e9missaire qui ne correspond pas \u00e0 la r\u00e9alit\u00e9 des chiffres.<\/p>\n<h3>Le risque de rupture de mobilit\u00e9 en zones rurales<\/h3>\n<p>L&#39;argument le plus percutant reste celui de la <strong>mobilit\u00e9 en zones rurales<\/strong>. Un conducteur de <strong>75 ou 80 ans<\/strong> vivant loin des centres urbains, sans acc\u00e8s aux transports en commun, d\u00e9pend souvent de sa voiture pour tout : se rendre chez le m\u00e9decin, faire ses courses, maintenir des liens familiaux. Si la pr\u00e9fecture, sur la base d&#39;un avis m\u00e9dical, d\u00e9cide de ne pas renouveler son permis, ce conducteur se retrouve potentiellement coup\u00e9 de ces acc\u00e8s essentiels.<\/p>\n<p>Et le projet de loi ne pr\u00e9cise pas les <strong>modalit\u00e9s de contestation<\/strong> d&#39;une telle d\u00e9cision pr\u00e9fectorale. Aucun recours n&#39;est formellement d\u00e9crit dans le texte actuel, ce qui laisse une zone d&#39;ombre juridique consid\u00e9rable pour les personnes concern\u00e9es. Une lacune qui renforce les inqui\u00e9tudes des opposants au texte.<\/p>\n<div class=\"mos_pros-cons\">\n<div class=\"mos_pros\">\n<div class=\"mos_pros-title\">\u2705 Avantages du dispositif<\/div>\n<ul>\n<li>D\u00e9tection pr\u00e9coce de pathologies d\u00e9g\u00e9n\u00e9ratives<\/li>\n<li>Aucun co\u00fbt direct pour les seniors (financement par taxe tabac)<\/li>\n<li>Harmonisation avec les pratiques europ\u00e9ennes en discussion<\/li>\n<li>\u00c9valuation m\u00e9dicale globale (vision, audition, cognition)<\/li>\n<\/ul><\/div>\n<div class=\"mos_cons\">\n<div class=\"mos_cons-title\">\u274c Inconv\u00e9nients identifi\u00e9s<\/div>\n<ul>\n<li>Risque de rupture de mobilit\u00e9 pour les seniors ruraux<\/li>\n<li>Absence de proc\u00e9dure de recours contre la d\u00e9cision pr\u00e9fectorale<\/li>\n<li>Les 18-24 ans sont statistiquement plus accidentog\u00e8nes<\/li>\n<li>Pression suppl\u00e9mentaire sur une population d\u00e9j\u00e0 fragilis\u00e9e<\/li>\n<\/ul><\/div>\n<\/div>\n<h2>Ce que les conducteurs seniors doivent savoir aujourd&#39;hui<\/h2>\n<p>La question se pose naturellement : faut-il anticiper quelque chose d\u00e8s maintenant ? La r\u00e9ponse est non, du moins \u00e0 ce stade. Le projet de loi n&#39;a pas \u00e9t\u00e9 adopt\u00e9, et les prochaines semaines diront si le texte progresse r\u00e9ellement dans le calendrier parlementaire. Pour l&#39;heure, les conducteurs de plus de <strong>70 ans<\/strong> n&#39;ont aucune d\u00e9marche suppl\u00e9mentaire \u00e0 effectuer pour conserver leur permis de conduire.<\/p>\n<p>Ce projet s&#39;inscrit dans un contexte plus large de r\u00e9forme de la mobilit\u00e9 et du code de la route. On se souvient par exemple des d\u00e9bats r\u00e9cents sur <a href=\"https:\/\/addictimmobilier31.com\/blog\/\/la-limitation-de-vitesse-a-80-kmh-en-france-cest-termine-un-retour-a-90-kmh-est-confirme-a-partir-de-cette-date-voici-les-routes-concernees\/\">le retour \u00e0 90 km\/h sur certaines routes<\/a>, une mesure qui touche l&#39;ensemble des automobilistes. La question du <strong>renouvellement du permis de conduire pour les seniors<\/strong> s&#39;y ajoute comme un nouveau front l\u00e9gislatif, plus cibl\u00e9, mais potentiellement plus impactant pour les personnes concern\u00e9es.<\/p>\n<p>Si le texte devait \u00eatre adopt\u00e9, les conducteurs \u00e2g\u00e9s de <strong>70 ans et plus<\/strong> devraient donc planifier une visite chez leur m\u00e9decin g\u00e9n\u00e9raliste ou un sp\u00e9cialiste tous les 5 ans, avec la conscience que l&#39;avis rendu pourra avoir des cons\u00e9quences directes sur leur autonomie. Mais aussi, plus positivement, que cet examen pourrait permettre de d\u00e9tecter \u00e0 temps des affections qui, non trait\u00e9es, repr\u00e9sentent un risque bien au-del\u00e0 du simple volant. Par ailleurs, les automobilistes seniors soucieux de leur situation administrative peuvent \u00e9galement se r\u00e9f\u00e9rer aux <a href=\"https:\/\/addictimmobilier31.com\/blog\/\/automobilistes-il-sera-desormais-obligatoire-de-changer-votre-permis-par-un-nouveau-avant-cette-date-sous-peine-damende\/\">obligations de mise \u00e0 jour du permis de conduire<\/a> qui, elles, s&#39;appliquent d\u00e9j\u00e0 \u00e0 tous les conducteurs.<\/p>\n","protected":false},"excerpt":{"rendered":"<p>Un projet de loi port\u00e9 par 85 d\u00e9put\u00e9s pr\u00e9voit d&#39;imposer aux conducteurs fran\u00e7ais \u00e2g\u00e9s de plus de 70 ans un renouvellement obligatoire du permis de conduire tous les 5 ans, conditionn\u00e9 \u00e0 une visite m\u00e9dicale. Le texte, encore au stade parlementaire, suscite une opposition vive, notamment de la part de l&#39;association \u00ab 40 millions d&#39;automobilistes [&hellip;]<\/p>\n","protected":false},"author":1,"featured_media":1533,"comment_status":"open","ping_status":"open","sticky":false,"template":"","format":"standard","meta":{"_seopress_robots_primary_cat":"","_seopress_titles_title":"Permis de conduire : les seniors devront d\u00e9sormais le repasser tous les 5 ans \u00e0 partir de cet \u00e2ge, ce que l\u2019on sait","_seopress_titles_desc":"%%post_excerpt%%","_seopress_robots_index":"","footnotes":""},"categories":[12],"tags":[],"class_list":{"0":"post-1536","1":"post","2":"type-post","3":"status-publish","4":"format-standard","5":"has-post-thumbnail","7":"category-actu"},"_links":{"self":[{"href":"https:\/\/www.addictimmobilier31.com\/blog\/wp-json\/wp\/v2\/posts\/1536","targetHints":{"allow":["GET"]}}],"collection":[{"href":"https:\/\/www.addictimmobilier31.com\/blog\/wp-json\/wp\/v2\/posts"}],"about":[{"href":"https:\/\/www.addictimmobilier31.com\/blog\/wp-json\/wp\/v2\/types\/post"}],"author":[{"embeddable":true,"href":"https:\/\/www.addictimmobilier31.com\/blog\/wp-json\/wp\/v2\/users\/1"}],"replies":[{"embeddable":true,"href":"https:\/\/www.addictimmobilier31.com\/blog\/wp-json\/wp\/v2\/comments?post=1536"}],"version-history":[{"count":1,"href":"https:\/\/www.addictimmobilier31.com\/blog\/wp-json\/wp\/v2\/posts\/1536\/revisions"}],"predecessor-version":[{"id":1546,"href":"https:\/\/www.addictimmobilier31.com\/blog\/wp-json\/wp\/v2\/posts\/1536\/revisions\/1546"}],"wp:featuredmedia":[{"embeddable":true,"href":"https:\/\/www.addictimmobilier31.com\/blog\/wp-json\/wp\/v2\/media\/1533"}],"wp:attachment":[{"href":"https:\/\/www.addictimmobilier31.com\/blog\/wp-json\/wp\/v2\/media?parent=1536"}],"wp:term":[{"taxonomy":"category","embeddable":true,"href":"https:\/\/www.addictimmobilier31.com\/blog\/wp-json\/wp\/v2\/categories?post=1536"},{"taxonomy":"post_tag","embeddable":true,"href":"https:\/\/www.addictimmobilier31.com\/blog\/wp-json\/wp\/v2\/tags?post=1536"}],"curies":[{"name":"wp","href":"https:\/\/api.w.org\/{rel}","templated":true}]}}