{"id":1429,"date":"2026-03-29T18:04:03","date_gmt":"2026-03-29T16:04:03","guid":{"rendered":"https:\/\/www.addictimmobilier31.com\/blog\/?p=1429"},"modified":"2026-03-29T18:04:32","modified_gmt":"2026-03-29T16:04:32","slug":"hausse-carburant-17-centimes-deuros-par-litre-a-partir-de-cette-date-voici-pourquoi-une-flambee-des-prix-est-redoutee-2","status":"publish","type":"post","link":"https:\/\/www.addictimmobilier31.com\/blog\/hausse-carburant-17-centimes-deuros-par-litre-a-partir-de-cette-date-voici-pourquoi-une-flambee-des-prix-est-redoutee-2\/","title":{"rendered":"Hausse carburant : +17 centimes d\u2019euros par litre \u00e0 partir de cette date, voici pourquoi une flamb\u00e9e des prix est redout\u00e9e"},"content":{"rendered":"<blockquote>\n<p>Le <strong>march\u00e9 carbone europ\u00e9en ETS 2<\/strong> va s&#39;appliquer aux carburants des transports routiers d\u00e8s le <strong>1\u1d49\u02b3 janvier 2027<\/strong>. Concr\u00e8tement, les distributeurs devront acheter des quotas d&#39;\u00e9mission pour chaque litre vendu, un co\u00fbt qu&#39;ils r\u00e9percuteront sur les automobilistes. R\u00e9sultat : <strong>+17 centimes par litre<\/strong> de diesel et <strong>+15 centimes par litre<\/strong> d&#39;essence, avant m\u00eame l&#39;application de la TVA.<\/p>\n<\/blockquote>\n<p>Les automobilistes fran\u00e7ais ont une date \u00e0 retenir : le <strong>1\u1d49\u02b3 janvier 2027<\/strong>. Ce jour-l\u00e0, une r\u00e9forme d\u00e9cid\u00e9e \u00e0 l&#39;\u00e9chelle de l&#39;<strong>Union europ\u00e9enne<\/strong> changera la donne \u00e0 la pompe. Le syst\u00e8me <strong>ETS 2<\/strong> (Extension du march\u00e9 carbone) va soumettre les carburants des transports routiers priv\u00e9s \u00e0 une logique de quotas d&#39;\u00e9mission. Et la facture sera visible d\u00e8s le premier plein de l&#39;ann\u00e9e.<\/p>\n<p>L&#39;<strong>Institut Montaigne<\/strong> a publi\u00e9 une \u00e9tude d&#39;alerte sur le sujet. Les chiffres qu&#39;il avance sont pr\u00e9cis, et les avertissements qu&#39;il formule le sont tout autant : ce m\u00e9canisme pourrait provoquer un choc social d&#39;une ampleur comparable au mouvement des <strong>Gilets Jaunes<\/strong>, n\u00e9 en <strong>2018<\/strong> pr\u00e9cis\u00e9ment sur fond de hausse des carburants.<\/p>\n<h2>L&#39;ETS 2 : comment fonctionne ce nouveau march\u00e9 carbone<\/h2>\n<p>Le principe de l&#39;ETS 2 repose sur une logique simple. Les <strong>distributeurs de carburant<\/strong> seront oblig\u00e9s d&#39;acheter des quotas d&#39;\u00e9mission pour chaque litre qu&#39;ils mettent en vente. Plus ils vendent de carburant carbon\u00e9, plus ils doivent acqu\u00e9rir de quotas. Ce m\u00e9canisme vise \u00e0 int\u00e9grer le co\u00fbt environnemental des \u00e9missions de CO\u2082 directement dans le prix des carburants fossiles.<\/p>\n<p>Mais personne ne s&#39;attend \u00e0 ce que les distributeurs absorbent ce surco\u00fbt. La r\u00e9percussion sur le <strong>consommateur final<\/strong> est in\u00e9vitable, et les estimations de l&#39;Institut Montaigne le confirment : <strong>+15 centimes par litre<\/strong> pour l&#39;essence, <strong>+17 centimes par litre<\/strong> pour le diesel, hors TVA. Une fois la TVA appliqu\u00e9e, l&#39;impact r\u00e9el sera sup\u00e9rieur \u00e0 ces chiffres.<\/p>\n<h3>Un surco\u00fbt annuel qui d\u00e9passe les 100 euros pour un foyer type<\/h3>\n<p>Pour un foyer effectuant r\u00e9guli\u00e8rement le plein, le surco\u00fbt annuel moyen est estim\u00e9 \u00e0 <strong>+105 euros par an<\/strong>. Ce chiffre varie selon la distance parcourue, le nombre de v\u00e9hicules dans le foyer et la r\u00e9gion d&#39;habitation. Mais le seuil des <strong>100 euros annuels<\/strong> suppl\u00e9mentaires est franchi dans la majorit\u00e9 des configurations de m\u00e9nages motoris\u00e9s.<\/p>\n<div class=\"mos_stat\">\n  <span class=\"mos_stat-number\">+105 \u20ac<\/span><br \/>\n  <span class=\"mos_stat-label\">de surco\u00fbt annuel estim\u00e9 pour un foyer type d\u00e8s 2027<\/span>\n<\/div>\n<p>Ce n&#39;est pas un d\u00e9tail dans un budget m\u00e9nager d\u00e9j\u00e0 sous pression. Depuis plusieurs ann\u00e9es, les Fran\u00e7ais font face \u00e0 une inflation persistante sur l&#39;alimentation, l&#39;\u00e9nergie et les services. Ajouter une centaine d&#39;euros de d\u00e9penses contraintes \u00e0 la facture automobile, c&#39;est une pression suppl\u00e9mentaire sur des foyers qui, pour beaucoup, n&#39;ont pas d&#39;alternative \u00e0 la voiture.<\/p>\n<h3>Les zones rurales et p\u00e9riurbaines, premi\u00e8res expos\u00e9es<\/h3>\n<p>La g\u00e9ographie de l&#39;impact n&#39;est pas uniforme. Les habitants des <strong>zones urbaines<\/strong> disposent g\u00e9n\u00e9ralement d&#39;alternatives : transports en commun denses, v\u00e9los, covoiturage structur\u00e9. Mais dans les <strong>zones rurales<\/strong>, p\u00e9riurbaines et les r\u00e9gions isol\u00e9es, la voiture n&#39;est pas un choix, c&#39;est une n\u00e9cessit\u00e9. Pas de bus, pas de train r\u00e9gional fr\u00e9quent, des distances incompressibles entre domicile, travail et commerces.<\/p>\n<p>R\u00e9sultat : ce sont pr\u00e9cis\u00e9ment les populations les moins bien desservies par les alternatives \u00e0 la voiture qui subiront le plus fortement la hausse du prix du carburant. L&#39;<strong>aggravation des in\u00e9galit\u00e9s territoriales<\/strong> est l&#39;une des cons\u00e9quences les plus document\u00e9es par les analyses de l&#39;Institut Montaigne. Et elle alimente directement le risque de contestation sociale que l&#39;\u00e9tude identifie.<\/p>\n<h2>Le spectre des Gilets Jaunes plane sur la r\u00e9forme<\/h2>\n<p>Le parall\u00e8le avec <strong>2018<\/strong> est explicitement formul\u00e9 par l&#39;Institut Montaigne. Le mouvement des <strong>Gilets Jaunes<\/strong> est n\u00e9 d&#39;une hausse des taxes sur les carburants per\u00e7ue comme injuste, particuli\u00e8rement par les habitants des territoires ruraux et p\u00e9riph\u00e9riques. La m\u00e9canique \u00e0 l&#39;\u0153uvre avec l&#39;ETS 2 pr\u00e9sente des similitudes troublantes : une hausse du prix \u00e0 la pompe, une origine d\u00e9cisionnelle lointaine (Bruxelles plut\u00f4t que Paris), et une charge qui p\u00e8se plus lourdement sur ceux qui n&#39;ont pas d&#39;autre choix que de conduire.<\/p>\n<div class=\"mos_callout mos_callout-warning\">\n  <span class=\"mos_callout-icon\">\u26a0\ufe0f<\/span><\/p>\n<div class=\"mos_callout-body\">\n    <span class=\"mos_callout-title\">Attention<\/span><br \/>\n    L&rsquo;impact r\u00e9el de la hausse sera sup\u00e9rieur aux +15\/+17 centimes annonc\u00e9s, car la TVA s&rsquo;appliquera sur un prix de vente d\u00e9j\u00e0 augment\u00e9 par le co\u00fbt des quotas carbone.\n  <\/div>\n<\/div>\n<p>Les <strong>associations de consommateurs<\/strong> et de nombreux <strong>\u00e9lus locaux<\/strong> se sont d\u00e9j\u00e0 mobilis\u00e9s pour alerter les pouvoirs publics. Leur message est clair : sans mesures d&#39;accompagnement s\u00e9rieuses, la r\u00e9forme risque de provoquer une fracture sociale que le gouvernement n&#39;a pas les moyens politiques d&#39;absorber. La question du <a href=\"https:\/\/addictimmobilier31.com\/blog\/\/automobilistes-il-sera-desormais-obligatoire-de-changer-votre-permis-par-un-nouveau-avant-cette-date-sous-peine-damende\/\">pouvoir d&#39;achat des automobilistes<\/a> est d&#39;ores et d\u00e9j\u00e0 au c\u0153ur des discussions pr\u00e9paratoires.<\/p>\n<h2>Ce que le gouvernement fran\u00e7ais doit encore d\u00e9cider<\/h2>\n<p>Au moment o\u00f9 ces lignes sont \u00e9crites, la mesure <strong>n&#39;a pas encore \u00e9t\u00e9 transpos\u00e9e dans le droit fran\u00e7ais<\/strong>. Le gouvernement dispose donc d&#39;une marge de man\u0153uvre pour en moduler les effets. Plusieurs pistes sont \u00e9voqu\u00e9es dans les discussions en cours.<\/p>\n<p>La premi\u00e8re concerne la <strong>transition vers les v\u00e9hicules \u00e9lectriques<\/strong> : acc\u00e9l\u00e9rer les aides \u00e0 l&#39;acquisition, renforcer les primes \u00e0 la conversion, rendre l&#39;offre \u00e9lectrique accessible aux m\u00e9nages modestes. La deuxi\u00e8me porte sur le <strong>d\u00e9veloppement des transports collectifs<\/strong> : bus propres, trains r\u00e9gionaux plus fr\u00e9quents, covoiturage subventionn\u00e9 dans les zones peu denses. Ces deux leviers sont compl\u00e9mentaires mais supposent des investissements publics significatifs, dans un contexte budg\u00e9taire tendu. Les d\u00e9bats autour des <a href=\"https:\/\/addictimmobilier31.com\/blog\/\/apres-le-chomage-la-cour-des-comptes-va-sattaquer-a-des-millions-de-retraites-ces-deux-categories-sont-dans-le-viseur\/\">d\u00e9penses publiques et de leur arbitrage<\/a> illustrent bien la difficult\u00e9 de l&#39;\u00e9quation.<\/p>\n<h3>Des exon\u00e9rations et une progressivit\u00e9 r\u00e9clam\u00e9es<\/h3>\n<p>D&#39;autres pistes portent sur la structure m\u00eame du dispositif. Des <strong>exon\u00e9rations cibl\u00e9es<\/strong> selon les profils d&#39;utilisateurs pourraient limiter l&#39;impact sur les foyers les plus vuln\u00e9rables, notamment ceux des zones rurales sans alternative de mobilit\u00e9. L&#39;introduction d&#39;une <strong>progressivit\u00e9 dans le dispositif<\/strong> permettrait d&#39;\u00e9taler la mont\u00e9e en charge, \u00e9vitant un choc brutal au <strong>1\u1d49\u02b3 janvier 2027<\/strong>.<\/p>\n<p>Ces options n\u00e9cessitent un dialogue entre le gouvernement et l&#39;ensemble des parties prenantes. Associations, \u00e9lus locaux, distributeurs et repr\u00e9sentants des consommateurs devront \u00eatre associ\u00e9s aux arbitrages dans les prochains mois. Le calendrier est contraint : la transposition doit intervenir avant l&#39;entr\u00e9e en vigueur de la directive europ\u00e9enne, et les d\u00e9cisions structurantes ne peuvent pas \u00eatre repouss\u00e9es ind\u00e9finiment.<\/p>\n<div class=\"mos_pros-cons\">\n<div class=\"mos_pros\">\n<div class=\"mos_pros-title\">\u2705 Pistes d&rsquo;att\u00e9nuation \u00e9voqu\u00e9es<\/div>\n<ul>\n<li>Aides \u00e0 l&rsquo;acquisition de v\u00e9hicules \u00e9lectriques ou moins \u00e9metteurs<\/li>\n<li>D\u00e9veloppement des transports collectifs en zones rurales<\/li>\n<li>Exon\u00e9rations cibl\u00e9es pour les foyers les plus expos\u00e9s<\/li>\n<li>Introduction d&rsquo;une progressivit\u00e9 dans la mont\u00e9e en charge du dispositif<\/li>\n<\/ul><\/div>\n<div class=\"mos_cons\">\n<div class=\"mos_cons-title\">\u274c Risques identifi\u00e9s<\/div>\n<ul>\n<li>Surco\u00fbt annuel de plus de 100 euros pour les foyers motoris\u00e9s<\/li>\n<li>Aggravation des in\u00e9galit\u00e9s entre zones urbaines et rurales<\/li>\n<li>Impact r\u00e9el sup\u00e9rieur aux chiffres bruts apr\u00e8s TVA<\/li>\n<li>Risque de contestation sociale comparable aux Gilets Jaunes<\/li>\n<\/ul><\/div>\n<\/div>\n<p>La marge de man\u0153uvre existe. Mais elle suppose des choix politiques assum\u00e9s et un budget d\u00e9di\u00e9. Sans accompagnement structur\u00e9, la hausse du <strong>prix du carburant<\/strong> \u00e0 la pompe d\u00e8s <strong>2027<\/strong> ne sera pas seulement une ligne dans un tableau de bord budg\u00e9taire. Ce sera une rupture de confiance suppl\u00e9mentaire pour des millions de Fran\u00e7ais qui d\u00e9pendent de leur voiture pour vivre, travailler et se d\u00e9placer au quotidien. La question n&#39;est plus de savoir si la hausse aura lieu, mais comment l&#39;\u00c9tat entend en amortir le choc, notamment pour les habitants des territoires o\u00f9, comme le rappellent r\u00e9guli\u00e8rement les <a href=\"https:\/\/addictimmobilier31.com\/blog\/\/la-limitation-de-vitesse-a-80-kmh-en-france-cest-termine-un-retour-a-90-kmh-est-confirme-a-partir-de-cette-date-voici-les-routes-concernees\/\">d\u00e9bats sur la limitation de vitesse en zones rurales<\/a>, la route reste le seul lien avec le reste du monde.<\/p>\n","protected":false},"excerpt":{"rendered":"<p>Le march\u00e9 carbone europ\u00e9en ETS 2 va s&#39;appliquer aux carburants des transports routiers d\u00e8s le 1\u1d49\u02b3 janvier 2027. Concr\u00e8tement, les distributeurs devront acheter des quotas d&#39;\u00e9mission pour chaque litre vendu, un co\u00fbt qu&#39;ils r\u00e9percuteront sur les automobilistes. R\u00e9sultat : +17 centimes par litre de diesel et +15 centimes par litre d&#39;essence, avant m\u00eame l&#39;application de [&hellip;]<\/p>\n","protected":false},"author":1,"featured_media":1428,"comment_status":"open","ping_status":"open","sticky":false,"template":"","format":"standard","meta":{"_seopress_robots_primary_cat":"","_seopress_titles_title":"Hausse carburant : +17 centimes d\u2019euros par litre \u00e0 partir de cette date, voici pourquoi une flamb\u00e9e des prix est redout\u00e9e","_seopress_titles_desc":"%%post_excerpt%%","_seopress_robots_index":"","footnotes":""},"categories":[14],"tags":[],"class_list":{"0":"post-1429","1":"post","2":"type-post","3":"status-publish","4":"format-standard","5":"has-post-thumbnail","7":"category-energies"},"_links":{"self":[{"href":"https:\/\/www.addictimmobilier31.com\/blog\/wp-json\/wp\/v2\/posts\/1429","targetHints":{"allow":["GET"]}}],"collection":[{"href":"https:\/\/www.addictimmobilier31.com\/blog\/wp-json\/wp\/v2\/posts"}],"about":[{"href":"https:\/\/www.addictimmobilier31.com\/blog\/wp-json\/wp\/v2\/types\/post"}],"author":[{"embeddable":true,"href":"https:\/\/www.addictimmobilier31.com\/blog\/wp-json\/wp\/v2\/users\/1"}],"replies":[{"embeddable":true,"href":"https:\/\/www.addictimmobilier31.com\/blog\/wp-json\/wp\/v2\/comments?post=1429"}],"version-history":[{"count":2,"href":"https:\/\/www.addictimmobilier31.com\/blog\/wp-json\/wp\/v2\/posts\/1429\/revisions"}],"predecessor-version":[{"id":1437,"href":"https:\/\/www.addictimmobilier31.com\/blog\/wp-json\/wp\/v2\/posts\/1429\/revisions\/1437"}],"wp:featuredmedia":[{"embeddable":true,"href":"https:\/\/www.addictimmobilier31.com\/blog\/wp-json\/wp\/v2\/media\/1428"}],"wp:attachment":[{"href":"https:\/\/www.addictimmobilier31.com\/blog\/wp-json\/wp\/v2\/media?parent=1429"}],"wp:term":[{"taxonomy":"category","embeddable":true,"href":"https:\/\/www.addictimmobilier31.com\/blog\/wp-json\/wp\/v2\/categories?post=1429"},{"taxonomy":"post_tag","embeddable":true,"href":"https:\/\/www.addictimmobilier31.com\/blog\/wp-json\/wp\/v2\/tags?post=1429"}],"curies":[{"name":"wp","href":"https:\/\/api.w.org\/{rel}","templated":true}]}}