{"id":1421,"date":"2026-03-29T17:36:12","date_gmt":"2026-03-29T15:36:12","guid":{"rendered":"https:\/\/www.addictimmobilier31.com\/blog\/?p=1421"},"modified":"2026-03-29T17:36:41","modified_gmt":"2026-03-29T15:36:41","slug":"agirc-arrco-apres-le-gel-une-revalorisation-des-pensions-se-profiler-a-partir-de-cette-date","status":"publish","type":"post","link":"https:\/\/www.addictimmobilier31.com\/blog\/agirc-arrco-apres-le-gel-une-revalorisation-des-pensions-se-profiler-a-partir-de-cette-date\/","title":{"rendered":"Agirc-Arrco : apr\u00e8s le gel, une revalorisation des pensions se profiler \u00e0 partir de cette date"},"content":{"rendered":"<blockquote>\n<p><strong>Agirc-Arrco<\/strong> a act\u00e9 le gel des pensions compl\u00e9mentaires \u00e0 l&#39;automne <strong>2025<\/strong>, faute d&#39;accord entre syndicats et patronat. Une r\u00e9union tenue le <strong>28 janvier 2026<\/strong> au <strong>Medef<\/strong> a ouvert la voie \u00e0 une reprise des n\u00e9gociations, avec un rendez-vous d\u00e9cisif pr\u00e9vu \u00e0 <strong>mi-mars<\/strong> pour fixer un calendrier de revalorisation des pensions d\u00e8s <strong>2026<\/strong>.<\/p>\n<\/blockquote>\n<p>Le gel des pensions <strong>Agirc-Arrco<\/strong> en <strong>2025<\/strong> n&#39;est pas pass\u00e9 inaper\u00e7u. Pour des millions de retrait\u00e9s fran\u00e7ais, l&#39;absence de revalorisation a directement pes\u00e9 sur le pouvoir d&#39;achat, dans un contexte o\u00f9 l&#39;inflation continue d&#39;\u00e9roder les revenus fixes. Et pourtant, apr\u00e8s des mois de blocage, un signal positif commence \u00e0 \u00e9merger des n\u00e9gociations entre partenaires sociaux.<\/p>\n<p>La situation reste fragile, mais le dialogue reprend. Le <strong>28 janvier<\/strong>, une r\u00e9union organis\u00e9e au si\u00e8ge du <strong>Medef<\/strong> a permis de constater une ouverture du c\u00f4t\u00e9 patronal sur la question de la revalorisation des pensions. Un accord de principe a \u00e9t\u00e9 trouv\u00e9 pour d\u00e9finir un nouveau calendrier, m\u00eame si les modalit\u00e9s concr\u00e8tes restent \u00e0 n\u00e9gocier. Des membres du patronat ont eux-m\u00eames \u00e9voqu\u00e9 ouvertement la possibilit\u00e9 d&#39;une revalorisation d\u00e8s <strong>2026<\/strong>, ce qui constitue un changement de ton notable par rapport aux mois pr\u00e9c\u00e9dents.<\/p>\n<h2>Le gel de 2025 et ses effets sur les retrait\u00e9s<\/h2>\n<p>Le r\u00e9gime <strong>Agirc-Arrco<\/strong>, qui verse des pensions de retraite compl\u00e9mentaire \u00e0 la quasi-totalit\u00e9 des salari\u00e9s du secteur priv\u00e9, a travers\u00e9 une p\u00e9riode de tension in\u00e9dite. \u00c0 l&#39;automne <strong>2025<\/strong>, l&#39;absence d&#39;accord entre les <strong>syndicats<\/strong> et le <strong>patronat<\/strong> a conduit \u00e0 un gel pur et simple des pensions. Concr\u00e8tement, aucune revalorisation n&#39;a \u00e9t\u00e9 appliqu\u00e9e, alors que les prix continuaient de progresser.<\/p>\n<p>R\u00e9sultat : les <strong>pensionn\u00e9s<\/strong> ont subi une perte de pouvoir d&#39;achat r\u00e9elle, sans compensation. Les <strong>cotisants<\/strong>, eux, ont observ\u00e9 une instabilit\u00e9 croissante autour de l&#39;avenir du r\u00e9gime, alimentant les inqui\u00e9tudes sur la soutenabilit\u00e9 du syst\u00e8me \u00e0 moyen terme. Cette situation a mis en \u00e9vidence les tensions profondes qui traversent les <strong>partenaires sociaux<\/strong>, incapables de s&#39;entendre sur une m\u00e9thode de revalorisation acceptable pour toutes les parties.<\/p>\n<div class=\"mos_callout mos_callout-warning\">\n  <span class=\"mos_callout-icon\">\u26a0\ufe0f<\/span><\/p>\n<div class=\"mos_callout-body\">\n    <span class=\"mos_callout-title\">Attention<\/span><br \/>\n    Si aucun accord n&rsquo;est conclu d&rsquo;ici la r\u00e9union de mi-mars, le risque d&rsquo;un nouveau gel des pensions Agirc-Arrco en 2026 reste r\u00e9el. Les retrait\u00e9s concern\u00e9s doivent suivre attentivement l&rsquo;\u00e9volution des n\u00e9gociations.\n  <\/div>\n<\/div>\n<p>La question du <a href=\"https:\/\/addictimmobilier31.com\/blog\/\/cest-confirme-par-le-gouvernement-il-nest-desormais-plus-possible-de-toucher-le-minium-vieillesse-aspa-au-dela-de-cette-somme-en-2026\/\">minimum vieillesse en 2026<\/a> se pose dans le m\u00eame contexte de pression financi\u00e8re sur les revenus des retrait\u00e9s, ce qui renforce l&#39;enjeu de ces discussions pour les m\u00e9nages les plus modestes.<\/p>\n<h3>Les causes du blocage entre syndicats et patronat<\/h3>\n<p>Les d\u00e9saccords portent sur des questions de fond. Les <strong>syndicats<\/strong> ont conditionn\u00e9 la reprise des discussions \u00e0 l&#39;int\u00e9gration de th\u00e9matiques plus larges, notamment l&#39;<strong>emploi<\/strong> et l&#39;<strong>assurance-ch\u00f4mage<\/strong>. Une position qui a longtemps bloqu\u00e9 toute avanc\u00e9e, le patronat refusant d&#39;\u00e9largir le p\u00e9rim\u00e8tre des n\u00e9gociations au-del\u00e0 de la stricte question des pensions compl\u00e9mentaires. Ce bras de fer a dur\u00e9 suffisamment longtemps pour que le gel de <strong>2025<\/strong> devienne in\u00e9vitable.<\/p>\n<h3>Les risques pour la stabilit\u00e9 du r\u00e9gime compl\u00e9mentaire<\/h3>\n<p>Au-del\u00e0 du seul pouvoir d&#39;achat des retrait\u00e9s, c&#39;est la cr\u00e9dibilit\u00e9 du r\u00e9gime <strong>Agirc-Arrco<\/strong> qui est en jeu. Un deuxi\u00e8me gel cons\u00e9cutif en <strong>2026<\/strong> enverrait un signal pr\u00e9occupant aux <strong>cotisants<\/strong> actuels, qui financent le syst\u00e8me et anticipent d&#39;en b\u00e9n\u00e9ficier \u00e0 leur tour. L&#39;instabilit\u00e9 des r\u00e8gles de revalorisation fragilise la confiance dans un r\u00e9gime qui repose pr\u00e9cis\u00e9ment sur la pr\u00e9visibilit\u00e9 des engagements. La <a href=\"https:\/\/addictimmobilier31.com\/blog\/\/suspension-de-la-reforme-des-retraites-cest-confirme-voici-la-date-dentree-en-vigueur-pour-des-millions-de-francais\/\">r\u00e9forme des retraites et ses \u00e9volutions r\u00e9centes<\/a> ajoutent encore une couche d&#39;incertitude pour les assur\u00e9s.<\/p>\n<h2>La r\u00e9union de mi-mars, rendez-vous d\u00e9cisif pour la revalorisation Agirc-Arrco<\/h2>\n<p>La r\u00e9union du <strong>28 janvier<\/strong> au <strong>Medef<\/strong> a d\u00e9bouch\u00e9 sur un accord pour d\u00e9finir un nouveau calendrier. Mais le vrai moment de v\u00e9rit\u00e9 se situe \u00e0 <strong>mi-mars 2026<\/strong>, lors d&#39;un rendez-vous que les deux parties ont accept\u00e9 de tenir pour avancer sur les modalit\u00e9s concr\u00e8tes. Plusieurs questions techniques seront au c\u0153ur des discussions : la m\u00e9thode de calcul du <strong>point Agirc-Arrco<\/strong>, la fr\u00e9quence de r\u00e9vision des montants, la possibilit\u00e9 d&#39;un ajustement automatique sur l&#39;inflation, et la feuille de route pr\u00e9cise pour l&#39;ann\u00e9e <strong>2026<\/strong>.<\/p>\n<p>Le printemps <strong>2026<\/strong> est d\u00e9sormais la p\u00e9riode de r\u00e9f\u00e9rence pour esp\u00e9rer voir un nouveau calendrier de revalorisation se dessiner. Mais les discussions restent conditionn\u00e9es \u00e0 la capacit\u00e9 des partenaires sociaux \u00e0 d\u00e9passer leurs divergences structurelles.<\/p>\n<div class=\"mos_callout mos_callout-info\">\n  <span class=\"mos_callout-icon\">\u2139\ufe0f<\/span><\/p>\n<div class=\"mos_callout-body\">\n    <span class=\"mos_callout-title\">Information<\/span><br \/>\n    Des membres du patronat ont \u00e9voqu\u00e9 ouvertement une revalorisation des pensions Agirc-Arrco d\u00e8s 2026, ce qui marque un changement de position notable par rapport \u00e0 l&rsquo;automne 2025.\n  <\/div>\n<\/div>\n<h3>Les sc\u00e9narios techniques envisag\u00e9s pour la revalorisation<\/h3>\n<p>Plusieurs pistes circulent parmi les sp\u00e9cialistes du dossier. La premi\u00e8re consiste en une <strong>indexation partielle du point Agirc-Arrco sur l&#39;inflation<\/strong>, ce qui permettrait de pr\u00e9server en partie le pouvoir d&#39;achat des pensionn\u00e9s sans engager le r\u00e9gime sur une trajectoire financi\u00e8re trop contraignante. La deuxi\u00e8me piste envisage la mise en place d&#39;une <strong>clause de revoyure annuelle<\/strong>, offrant plus de souplesse dans les ajustements futurs. Une troisi\u00e8me option \u00e9voque la cr\u00e9ation d&#39;un <strong>dispositif exceptionnel<\/strong> pour compenser sp\u00e9cifiquement le gel de <strong>2025<\/strong>, reconnaissant ainsi le pr\u00e9judice subi par les retrait\u00e9s cette ann\u00e9e-l\u00e0. Enfin, un <strong>\u00e9talement progressif<\/strong> de la hausse sur plusieurs exercices financiers permettrait de lisser l&#39;impact budg\u00e9taire pour le r\u00e9gime.<\/p>\n<h3>Les mesures transitoires au c\u0153ur des n\u00e9gociations<\/h3>\n<p>Au-del\u00e0 des sc\u00e9narios globaux, les n\u00e9gociateurs examinent aussi des mesures plus cibl\u00e9es. La <strong>modulation de la valeur du point Agirc-Arrco<\/strong> et la cr\u00e9ation de <strong>mesures transitoires<\/strong> pour accompagner le versement en <strong>2026<\/strong> figurent parmi les pistes avanc\u00e9es. Ces dispositifs techniques visent \u00e0 trouver un \u00e9quilibre entre la protection des retrait\u00e9s actuels et la viabilit\u00e9 financi\u00e8re du r\u00e9gime pour les g\u00e9n\u00e9rations de cotisants \u00e0 venir. La <a href=\"https:\/\/addictimmobilier31.com\/blog\/\/apres-le-chomage-la-cour-des-comptes-va-sattaquer-a-des-millions-de-retraites-ces-deux-categories-sont-dans-le-viseur\/\">pression de la Cour des comptes sur les retrait\u00e9s<\/a> s&#39;ajoute \u00e0 ce contexte de contraintes budg\u00e9taires qui p\u00e8se sur toutes les discussions autour des r\u00e9gimes de retraite.<\/p>\n<h2>Ce que les retrait\u00e9s et cotisants peuvent attendre pour 2026<\/h2>\n<p>L&#39;issue de la r\u00e9union de <strong>mi-mars<\/strong> d\u00e9terminera en grande partie ce que vivront concr\u00e8tement les b\u00e9n\u00e9ficiaires du r\u00e9gime <strong>Agirc-Arrco<\/strong> dans les mois \u00e0 venir. Si un accord est trouv\u00e9 sur le calendrier et la m\u00e9thode, une revalorisation des pensions compl\u00e9mentaires pourrait intervenir dans le courant de <strong>2026<\/strong>, compensant au moins partiellement le gel de l&#39;ann\u00e9e pr\u00e9c\u00e9dente. En l&#39;absence d&#39;accord, le sc\u00e9nario d&#39;un deuxi\u00e8me gel cons\u00e9cutif reste plausible, avec des cons\u00e9quences directes sur les revenus des retrait\u00e9s.<\/p>\n<p>Pour les <strong>cotisants<\/strong>, l&#39;enjeu d\u00e9passe le seul montant des pensions vers\u00e9es aujourd&#39;hui. La fa\u00e7on dont les partenaires sociaux sortent de cette impasse fixera un pr\u00e9c\u00e9dent sur la gouvernance future du r\u00e9gime et sur la m\u00e9thode de <strong>revalorisation des pensions compl\u00e9mentaires<\/strong> \u00e0 long terme. Anticiper les \u00e9volutions fiscales li\u00e9es \u00e0 ces changements, notamment autour du <strong>bar\u00e8me fiscal 2026<\/strong> et des seuils de non-imposition, reste une d\u00e9marche utile pour les m\u00e9nages concern\u00e9s. Les retrait\u00e9s propri\u00e9taires, par exemple, peuvent \u00e9galement \u00eatre touch\u00e9s par d&#39;autres \u00e9volutions, comme les <a href=\"https:\/\/addictimmobilier31.com\/blog\/\/impots-jai-76-ans-je-ne-devrais-plus-payer-la-taxe-fonciere-est-ce-vrai\/\">r\u00e8gles sur la taxe fonci\u00e8re apr\u00e8s 76 ans<\/a>, qui viennent s&#39;additionner aux incertitudes sur le revenu compl\u00e9mentaire.<\/p>\n","protected":false},"excerpt":{"rendered":"<p>Agirc-Arrco a act\u00e9 le gel des pensions compl\u00e9mentaires \u00e0 l&#39;automne 2025, faute d&#39;accord entre syndicats et patronat. Une r\u00e9union tenue le 28 janvier 2026 au Medef a ouvert la voie \u00e0 une reprise des n\u00e9gociations, avec un rendez-vous d\u00e9cisif pr\u00e9vu \u00e0 mi-mars pour fixer un calendrier de revalorisation des pensions d\u00e8s 2026. Le gel des [&hellip;]<\/p>\n","protected":false},"author":1,"featured_media":1419,"comment_status":"open","ping_status":"open","sticky":false,"template":"","format":"standard","meta":{"_seopress_robots_primary_cat":"","_seopress_titles_title":"Agirc-Arrco : apr\u00e8s le gel, une revalorisation des pensions se profiler \u00e0 partir de cette date","_seopress_titles_desc":"%%post_excerpt%%","_seopress_robots_index":"","footnotes":""},"categories":[12],"tags":[],"class_list":{"0":"post-1421","1":"post","2":"type-post","3":"status-publish","4":"format-standard","5":"has-post-thumbnail","7":"category-actu"},"_links":{"self":[{"href":"https:\/\/www.addictimmobilier31.com\/blog\/wp-json\/wp\/v2\/posts\/1421","targetHints":{"allow":["GET"]}}],"collection":[{"href":"https:\/\/www.addictimmobilier31.com\/blog\/wp-json\/wp\/v2\/posts"}],"about":[{"href":"https:\/\/www.addictimmobilier31.com\/blog\/wp-json\/wp\/v2\/types\/post"}],"author":[{"embeddable":true,"href":"https:\/\/www.addictimmobilier31.com\/blog\/wp-json\/wp\/v2\/users\/1"}],"replies":[{"embeddable":true,"href":"https:\/\/www.addictimmobilier31.com\/blog\/wp-json\/wp\/v2\/comments?post=1421"}],"version-history":[{"count":1,"href":"https:\/\/www.addictimmobilier31.com\/blog\/wp-json\/wp\/v2\/posts\/1421\/revisions"}],"predecessor-version":[{"id":1432,"href":"https:\/\/www.addictimmobilier31.com\/blog\/wp-json\/wp\/v2\/posts\/1421\/revisions\/1432"}],"wp:featuredmedia":[{"embeddable":true,"href":"https:\/\/www.addictimmobilier31.com\/blog\/wp-json\/wp\/v2\/media\/1419"}],"wp:attachment":[{"href":"https:\/\/www.addictimmobilier31.com\/blog\/wp-json\/wp\/v2\/media?parent=1421"}],"wp:term":[{"taxonomy":"category","embeddable":true,"href":"https:\/\/www.addictimmobilier31.com\/blog\/wp-json\/wp\/v2\/categories?post=1421"},{"taxonomy":"post_tag","embeddable":true,"href":"https:\/\/www.addictimmobilier31.com\/blog\/wp-json\/wp\/v2\/tags?post=1421"}],"curies":[{"name":"wp","href":"https:\/\/api.w.org\/{rel}","templated":true}]}}