{"id":1361,"date":"2026-03-27T16:38:47","date_gmt":"2026-03-27T15:38:47","guid":{"rendered":"https:\/\/www.addictimmobilier31.com\/blog\/?p=1361"},"modified":"2026-03-27T16:39:16","modified_gmt":"2026-03-27T15:39:16","slug":"dictee-seules-les-personnes-nees-avant-1970-arrivent-a-trouver-cette-faute-dorthographe-cachee-ca-en-dit-long-sur-ce-quon-apprend-aux-jeunes-aujourdhui-4","status":"publish","type":"post","link":"https:\/\/www.addictimmobilier31.com\/blog\/dictee-seules-les-personnes-nees-avant-1970-arrivent-a-trouver-cette-faute-dorthographe-cachee-ca-en-dit-long-sur-ce-quon-apprend-aux-jeunes-aujourdhui-4\/","title":{"rendered":"Dict\u00e9e : seules les personnes n\u00e9es avant 1970 arrivent \u00e0 trouver cette faute d\u2019orthographe cach\u00e9e, \u00ab\u00a0\u00c7a en dit long sur ce qu\u2019on apprend aux jeunes aujourd\u2019hui\u00a0\u00bb"},"content":{"rendered":"<blockquote>\n<p>Une professeure de coll\u00e8ge dans l&#39;Essonne a soumis \u00e0 ses \u00e9l\u00e8ves de 3e une dict\u00e9e authentique de <strong>1965<\/strong>, contenant une faute volontairement gliss\u00e9e autour du <strong>subjonctif<\/strong>. Sur <strong>28 copies<\/strong> rendues, <strong>une seule<\/strong> a identifi\u00e9 l&#39;erreur. Un r\u00e9sultat qui cristallise un d\u00e9bat bien plus large sur l&#39;\u00e9tat de l&#39;enseignement du fran\u00e7ais en France.<\/p>\n<\/blockquote>\n<p>Le test \u00e9tait simple, presque brutal dans sa conception. Une dict\u00e9e vieille de soixante ans, r\u00e9dig\u00e9e \u00e0 une \u00e9poque o\u00f9 la grammaire s&#39;enseignait avec une rigueur aujourd&#39;hui largement abandonn\u00e9e. La professeure, qui exerce dans un coll\u00e8ge de l&#39;<strong>Essonne<\/strong>, n&#39;attendait pas un sans-faute collectif. Mais elle n&#39;anticipait pas non plus un tel r\u00e9sultat : <strong>27 \u00e9l\u00e8ves sur 28<\/strong> sont pass\u00e9s \u00e0 c\u00f4t\u00e9 de la faute cach\u00e9e, sans m\u00eame la soup\u00e7onner.<\/p>\n<p>Et ce n&#39;est pas un cas isol\u00e9. C&#39;est un sympt\u00f4me.<\/p>\n<h2>Le subjonctif, grande victime de l&#39;enseignement moderne<\/h2>\n<p>La faute dissimul\u00e9e dans la dict\u00e9e portait sur l&#39;emploi du <strong>subjonctif<\/strong>, un mode verbal que les g\u00e9n\u00e9rations n\u00e9es avant <strong>1970<\/strong> reconnaissaient et ma\u00eetrisaient presque instinctivement, \u00e0 force de r\u00e9p\u00e9titions et de corrections. <strong>Claudine M.<\/strong>, ancienne correctrice du <strong>brevet<\/strong> durant plusieurs d\u00e9cennies, ne m\u00e2che pas ses mots : le subjonctif est aujourd&#39;hui \u00ab largement m\u00e9connu \u00bb chez les jeunes g\u00e9n\u00e9rations.<\/p>\n<p>Ce n&#39;est pas une question de capacit\u00e9 intellectuelle. C&#39;est une question d&#39;exposition. Les \u00e9l\u00e8ves actuels n&#39;ont tout simplement pas \u00e9t\u00e9 entra\u00een\u00e9s \u00e0 reconna\u00eetre les structures grammaticales complexes, ni \u00e0 les produire spontan\u00e9ment. Le subjonctif, qui requiert une compr\u00e9hension fine des relations entre propositions, est devenu une abstraction pour beaucoup d&#39;entre eux.<\/p>\n<h3>Des r\u00e8gles grammaticales de moins en moins explicites<\/h3>\n<p>Les programmes scolaires ont \u00e9volu\u00e9 depuis les ann\u00e9es <strong>1960-1970<\/strong> vers des approches dites communicatives, centr\u00e9es sur le sens global plut\u00f4t que sur la forme. R\u00e9sultat : les r\u00e8gles grammaticales sont devenues moins explicites, moins syst\u00e9matiquement m\u00e9moris\u00e9es. La <strong>grammaire<\/strong> n&#39;est plus un objet d&#39;\u00e9tude en soi, mais un outil secondaire au service de la compr\u00e9hension.<\/p>\n<p>Concr\u00e8tement, cela se traduit par des lacunes profondes. Plusieurs rapports ont document\u00e9 des difficult\u00e9s orthographiques et grammaticales chez de futurs enseignants eux-m\u00eames, ce qui pose la question de la transmission sur le long terme.<\/p>\n<h3>Plus de 500 heures de fran\u00e7ais perdues depuis 1968<\/h3>\n<p>Les chiffres donnent le vertige. Depuis <strong>1968<\/strong>, <strong>plus de 500 heures<\/strong> de fran\u00e7ais auraient disparu des programmes scolaires. Ce n&#39;est pas une r\u00e9forme ponctuelle, c&#39;est une \u00e9rosion progressive, d\u00e9cennie apr\u00e8s d\u00e9cennie, qui a r\u00e9duit le temps consacr\u00e9 \u00e0 la langue, \u00e0 la dict\u00e9e, \u00e0 la conjugaison, \u00e0 l&#39;analyse grammaticale.<\/p>\n<div class=\"mos_callout mos_callout-info\">\n  <span class=\"mos_callout-icon\">\u2139\ufe0f<\/span><\/p>\n<div class=\"mos_callout-body\">\n    <span class=\"mos_callout-title\">Information<\/span><br \/>\n    Depuis 1968, plus de 500 heures de fran\u00e7ais auraient \u00e9t\u00e9 supprim\u00e9es des programmes scolaires fran\u00e7ais, selon les estimations disponibles.\n  <\/div>\n<\/div>\n<h2>Des chiffres qui traduisent une d\u00e9gradation r\u00e9elle du niveau en orthographe<\/h2>\n<p>L&#39;\u00e9cart entre les g\u00e9n\u00e9rations ne repose pas que sur des impressions ou des anecdotes de salle des profs. Les statistiques disponibles sont sans ambigu\u00eft\u00e9. Dans les <strong>ann\u00e9es 1980<\/strong>, environ <strong>33 %<\/strong> des \u00e9l\u00e8ves de <strong>CM2<\/strong> faisaient plus de <strong>15 fautes<\/strong> lors d&#39;une dict\u00e9e classique. En <strong>2021<\/strong>, ce taux a bondi \u00e0 <strong>90 %<\/strong>.<\/p>\n<div class=\"mos_stat\">\n  <span class=\"mos_stat-number\">90 %<\/span><br \/>\n  <span class=\"mos_stat-label\">des \u00e9l\u00e8ves de CM2 font plus de 15 fautes en dict\u00e9e en 2021, contre 33 % dans les ann\u00e9es 1980<\/span>\n<\/div>\n<p>En quarante ans, la proportion d&#39;\u00e9l\u00e8ves en difficult\u00e9 flagrante lors d&#39;un exercice de dict\u00e9e a presque tripl\u00e9. Ce n&#39;est plus une tendance, c&#39;est une transformation structurelle du rapport des jeunes Fran\u00e7ais \u00e0 leur propre langue \u00e9crite. Et les cons\u00e9quences ne s&#39;arr\u00eatent pas \u00e0 l&#39;\u00e9cole primaire : elles se prolongent au coll\u00e8ge, au lyc\u00e9e, et bien au-del\u00e0.<\/p>\n<h3>L&#39;arriv\u00e9e des nouvelles technologies, facteur aggravant<\/h3>\n<p>La relecture et la correction ont progressivement \u00e9t\u00e9 rel\u00e9gu\u00e9es \u00e0 l&#39;arri\u00e8re-plan avec la d\u00e9mocratisation des correcteurs automatiques. Pourquoi m\u00e9moriser une r\u00e8gle d&#39;accord quand un logiciel souligne l&#39;erreur en rouge ? Cette d\u00e9l\u00e9gation cognitive, commode au quotidien, fragilise les bases grammaticales d\u00e8s lors qu&#39;on s&#39;en \u00e9carte. Un \u00e9l\u00e8ve qui n&#39;a jamais eu \u00e0 corriger lui-m\u00eame ses fautes ne d\u00e9veloppe pas les r\u00e9flexes n\u00e9cessaires pour d\u00e9tecter une erreur dans une dict\u00e9e sur papier.<\/p>\n<h2>La dict\u00e9e traditionnelle, un outil p\u00e9dagogique \u00e0 r\u00e9habiliter<\/h2>\n<p>La professeure de l&#39;Essonne et <strong>Claudine M.<\/strong> ne sont pas seules \u00e0 tirer la sonnette d&#39;alarme. Des professionnels de l&#39;\u00e9ducation et des sp\u00e9cialistes de la langue fran\u00e7aise pr\u00e9conisent depuis plusieurs ann\u00e9es une r\u00e9habilitation de la <strong>dict\u00e9e traditionnelle<\/strong> dans les cursus scolaires. Non pas comme exercice punitif, mais comme outil de consolidation des acquis grammaticaux et orthographiques.<\/p>\n<p>Les recommandations qui circulent dans les milieux \u00e9ducatifs convergent vers plusieurs axes compl\u00e9mentaires : multiplier les exercices courts et cibl\u00e9s en grammaire, alterner des sujets litt\u00e9raires et des textes du quotidien dans les dict\u00e9es, et surtout r\u00e9int\u00e9grer une pratique r\u00e9guli\u00e8re et progressive de cet exercice d\u00e8s le primaire.<\/p>\n<h3>Le r\u00f4le des familles dans l&#39;apprentissage de l&#39;orthographe<\/h3>\n<p>L&#39;\u00e9cole seule ne peut pas tout. Les sp\u00e9cialistes insistent sur l&#39;implication des familles comme levier compl\u00e9mentaire. Encourager la lecture plaisir, qu&#39;il s&#39;agisse de romans, d&#39;articles ou d&#39;essais, reste le socle le plus solide pour d\u00e9velopper une bonne orthographe. \u00c9changer sur les mots nouveaux, corriger des phrases ensemble \u00e0 la maison, ces pratiques simples contribuent \u00e0 ancrer les structures de la langue dans la m\u00e9moire des enfants.<\/p>\n<div class=\"mos_callout mos_callout-tip\">\n  <span class=\"mos_callout-icon\">\ud83d\udca1<\/span><\/p>\n<div class=\"mos_callout-body\">\n    <span class=\"mos_callout-title\">Bon \u00e0 savoir<\/span><br \/>\n    La lecture r\u00e9guli\u00e8re, sous toutes ses formes, reste l&rsquo;un des meilleurs moyens de consolider l&rsquo;orthographe et la grammaire, \u00e0 tout \u00e2ge.\n  <\/div>\n<\/div>\n<p>Le d\u00e9bat autour de la dict\u00e9e n&#39;est pas nostalgique. Il touche \u00e0 quelque chose de plus fondamental : la capacit\u00e9 d&#39;une soci\u00e9t\u00e9 \u00e0 transmettre les outils de sa propre langue d&#39;une g\u00e9n\u00e9ration \u00e0 l&#39;autre. Quand <strong>27 \u00e9l\u00e8ves sur 28<\/strong> passent \u00e0 c\u00f4t\u00e9 d&#39;une faute de subjonctif que leurs grands-parents auraient rep\u00e9r\u00e9e en quelques secondes, la question n&#39;est plus de savoir si le niveau a baiss\u00e9. La question est de savoir ce qu&#39;on d\u00e9cide de faire pour inverser la tendance. Et \u00e0 quel rythme, car chaque ann\u00e9e scolaire qui passe sans r\u00e9ponse concr\u00e8te est une cohorte suppl\u00e9mentaire qui aborde la vie adulte avec des bases fragilis\u00e9es, dans un monde o\u00f9 la ma\u00eetrise de l&#39;\u00e9crit reste pourtant un marqueur d\u00e9terminant, aussi bien dans la vie professionnelle que dans <a href=\"https:\/\/addictimmobilier31.com\/blog\/\/suspension-de-la-reforme-des-retraites-cest-confirme-voici-la-date-dentree-en-vigueur-pour-des-millions-de-francais\/\">les d\u00e9cisions du quotidien qui engagent l&#39;avenir<\/a>.<\/p>\n","protected":false},"excerpt":{"rendered":"<p>Une professeure de coll\u00e8ge dans l&#39;Essonne a soumis \u00e0 ses \u00e9l\u00e8ves de 3e une dict\u00e9e authentique de 1965, contenant une faute volontairement gliss\u00e9e autour du subjonctif. Sur 28 copies rendues, une seule a identifi\u00e9 l&#39;erreur. Un r\u00e9sultat qui cristallise un d\u00e9bat bien plus large sur l&#39;\u00e9tat de l&#39;enseignement du fran\u00e7ais en France. Le test \u00e9tait [&hellip;]<\/p>\n","protected":false},"author":1,"featured_media":1360,"comment_status":"open","ping_status":"open","sticky":false,"template":"","format":"standard","meta":{"_seopress_robots_primary_cat":"","_seopress_titles_title":"Dict\u00e9e : seules les personnes n\u00e9es avant 1970 arrivent \u00e0 trouver cette faute d\u2019orthographe cach\u00e9e, \u00ab\u00a0\u00c7a en dit long sur ce qu\u2019on apprend aux jeunes aujourd\u2019hui\u00a0\u00bb","_seopress_titles_desc":"%%post_excerpt%%","_seopress_robots_index":"","footnotes":""},"categories":[12],"tags":[],"class_list":{"0":"post-1361","1":"post","2":"type-post","3":"status-publish","4":"format-standard","5":"has-post-thumbnail","7":"category-actu"},"_links":{"self":[{"href":"https:\/\/www.addictimmobilier31.com\/blog\/wp-json\/wp\/v2\/posts\/1361","targetHints":{"allow":["GET"]}}],"collection":[{"href":"https:\/\/www.addictimmobilier31.com\/blog\/wp-json\/wp\/v2\/posts"}],"about":[{"href":"https:\/\/www.addictimmobilier31.com\/blog\/wp-json\/wp\/v2\/types\/post"}],"author":[{"embeddable":true,"href":"https:\/\/www.addictimmobilier31.com\/blog\/wp-json\/wp\/v2\/users\/1"}],"replies":[{"embeddable":true,"href":"https:\/\/www.addictimmobilier31.com\/blog\/wp-json\/wp\/v2\/comments?post=1361"}],"version-history":[{"count":2,"href":"https:\/\/www.addictimmobilier31.com\/blog\/wp-json\/wp\/v2\/posts\/1361\/revisions"}],"predecessor-version":[{"id":1373,"href":"https:\/\/www.addictimmobilier31.com\/blog\/wp-json\/wp\/v2\/posts\/1361\/revisions\/1373"}],"wp:featuredmedia":[{"embeddable":true,"href":"https:\/\/www.addictimmobilier31.com\/blog\/wp-json\/wp\/v2\/media\/1360"}],"wp:attachment":[{"href":"https:\/\/www.addictimmobilier31.com\/blog\/wp-json\/wp\/v2\/media?parent=1361"}],"wp:term":[{"taxonomy":"category","embeddable":true,"href":"https:\/\/www.addictimmobilier31.com\/blog\/wp-json\/wp\/v2\/categories?post=1361"},{"taxonomy":"post_tag","embeddable":true,"href":"https:\/\/www.addictimmobilier31.com\/blog\/wp-json\/wp\/v2\/tags?post=1361"}],"curies":[{"name":"wp","href":"https:\/\/api.w.org\/{rel}","templated":true}]}}