{"id":1340,"date":"2026-03-27T10:27:05","date_gmt":"2026-03-27T09:27:05","guid":{"rendered":"https:\/\/www.addictimmobilier31.com\/blog\/?p=1340"},"modified":"2026-03-27T10:27:35","modified_gmt":"2026-03-27T09:27:35","slug":"nouvelles-heures-creuses-voici-le-calendrier-officiel-applicable-depuis-le-1er-novembre-2025-4","status":"publish","type":"post","link":"https:\/\/www.addictimmobilier31.com\/blog\/nouvelles-heures-creuses-voici-le-calendrier-officiel-applicable-depuis-le-1er-novembre-2025-4\/","title":{"rendered":"Nouvelles heures creuses : voici le calendrier officiel applicable depuis le 1er novembre 2025"},"content":{"rendered":"<blockquote>\n<p>Depuis le <strong>1er novembre 2025<\/strong>, les nouvelles heures creuses s&#39;appliquent \u00e0 environ <strong>11 millions de foyers<\/strong> en France. Le calendrier officiel, \u00e9tabli par <strong>Enedis<\/strong> avec un pr\u00e9avis de six mois, supprime les anciennes plages horaires et introduit une logique saisonni\u00e8re in\u00e9dite. Les foyers qui n&#39;ont pas reprogramm\u00e9 leurs appareils paient d\u00e9sormais au tarif plein sans le savoir.<\/p>\n<\/blockquote>\n<p>Le changement est effectif. Depuis le <strong>1er novembre 2025<\/strong>, les habitudes de consommation qui permettaient d&#39;\u00e9conomiser sur la facture d&#39;\u00e9lectricit\u00e9 doivent \u00eatre revues. Les deux anciennes plages d&#39;heures creuses, <strong>7h\u201311h<\/strong> et <strong>17h\u201323h<\/strong>, ont \u00e9t\u00e9 supprim\u00e9es. Une nouvelle architecture tarifaire les remplace, avec une logique pens\u00e9e autour de la production d&#39;\u00e9nergie solaire et de l&#39;\u00e9quilibre du r\u00e9seau national.<\/p>\n<p>Mais l&#39;information n&#39;a pas forc\u00e9ment atteint tous les foyers concern\u00e9s avec la m\u00eame clart\u00e9. Et pour les <strong>11 millions de m\u00e9nages<\/strong> abonn\u00e9s \u00e0 un tarif heures creuses, l&#39;enjeu financier est bien r\u00e9el.<\/p>\n<h2>Les nouvelles plages horaires officielles des heures creuses<\/h2>\n<p>La r\u00e9forme conserve le volume total de <strong>8 heures creuses<\/strong> par jour, un point qui n&#39;a pas chang\u00e9. Ce qui change, c&#39;est leur r\u00e9partition. Le nouveau calendrier repose sur deux fen\u00eatres distinctes, avec des caract\u00e9ristiques propres \u00e0 chacune.<\/p>\n<h3>La plage nocturne : le socle garanti<\/h3>\n<p>La fen\u00eatre nocturne couvre la tranche <strong>23h\u20137h<\/strong>, avec un minimum de <strong>5 heures cons\u00e9cutives<\/strong> garanties. C&#39;est le bloc le plus stable du nouveau dispositif, celui sur lequel les foyers peuvent s&#39;appuyer avec le plus de certitude pour programmer leurs \u00e9quipements \u00e9nergivores.<\/p>\n<h3>La fen\u00eatre diurne : une premi\u00e8re \u00e0 cette \u00e9chelle<\/h3>\n<p>La nouveaut\u00e9 majeure du calendrier officiel r\u00e9side dans l&#39;introduction d&#39;une plage diurne, entre <strong>11h et 17h<\/strong>, avec un maximum de <strong>3 heures<\/strong> suppl\u00e9mentaires selon les configurations locales. C&#39;est la premi\u00e8re fen\u00eatre d&#39;heures creuses en milieu de journ\u00e9e instaur\u00e9e \u00e0 cette \u00e9chelle en France. Son objectif est explicite : valoriser la production solaire photovolta\u00efque, qui atteint son pic pr\u00e9cis\u00e9ment sur cette tranche horaire. R\u00e9sultat : les consommateurs qui d\u00e9calent leur lave-linge ou leur lave-vaisselle vers le d\u00e9but d&#39;apr\u00e8s-midi contribuent \u00e0 absorber une \u00e9lectricit\u00e9 qui, autrement, serait difficile \u00e0 injecter dans le r\u00e9seau.<\/p>\n<div class=\"mos_callout mos_callout-info\">\n  <span class=\"mos_callout-icon\">\u2139\ufe0f<\/span><\/p>\n<div class=\"mos_callout-body\">\n    <span class=\"mos_callout-title\">Information<\/span><br \/>\n    Les horaires exacts varient selon les zones locales et le raccordement r\u00e9seau. Deux voisins dans la m\u00eame rue peuvent avoir des plages diff\u00e9rentes. La source la plus fiable reste le courrier du fournisseur ou l&rsquo;espace client en ligne.\n  <\/div>\n<\/div>\n<p>Une logique saisonni\u00e8re a \u00e9galement \u00e9t\u00e9 introduite. Les horaires peuvent \u00eatre ajust\u00e9s <strong>jusqu&#39;\u00e0 deux fois par an<\/strong>, aux passages \u00e0 l&#39;heure d&#39;\u00e9t\u00e9 et \u00e0 l&#39;heure d&#39;hiver. <strong>Enedis<\/strong> notifie les fournisseurs avec <strong>6 mois<\/strong> d&#39;avance, et ces derniers ont l&#39;obligation d&#39;informer leurs clients au moins <strong>1 mois<\/strong> avant toute modification.<\/p>\n<h2>Ce que risquent les foyers qui n&#39;ont rien chang\u00e9<\/h2>\n<p>Le risque est simple \u00e0 formuler : un foyer qui continue de lancer sa machine \u00e0 laver \u00e0 <strong>18h<\/strong> ou son chauffe-eau \u00e0 <strong>17h30<\/strong> paie d\u00e9sormais au tarif plein, sans s&#39;en rendre compte. Ces habitudes correspondaient aux anciennes plages creuses, supprim\u00e9es depuis le <strong>1er novembre 2025<\/strong>. Elles sont d\u00e9sormais des heures pleines.<\/p>\n<p>La diff\u00e9rence ne se voit pas imm\u00e9diatement. Elle appara\u00eet uniquement \u00e0 la prochaine facture, parfois plusieurs semaines apr\u00e8s le changement. Pour les gros consommateurs, notamment ceux qui chargent un <strong>v\u00e9hicule \u00e9lectrique<\/strong> ou utilisent un cumulus de grande capacit\u00e9, le surco\u00fbt peut rapidement devenir significatif.<\/p>\n<div class=\"mos_stat\">\n  <span class=\"mos_stat-number\">11 millions<\/span><br \/>\n  <span class=\"mos_stat-label\">de foyers fran\u00e7ais concern\u00e9s par le nouveau calendrier des heures creuses<\/span>\n<\/div>\n<p>Et \u00e0 l&#39;inverse, la reprogrammation produit un double effet positif : r\u00e9duction de la facture personnelle, et contribution \u00e0 l&#39;\u00e9quilibre du r\u00e9seau aux heures de pointe. Ce n&#39;est pas un argument marketing, c&#39;est la m\u00e9canique m\u00eame du dispositif tarifaire heures creuses\/heures pleines.<\/p>\n<h2>Comment v\u00e9rifier ses horaires personnalis\u00e9s et reprogrammer ses appareils<\/h2>\n<p>La premi\u00e8re \u00e9tape est de consulter ses horaires r\u00e9els, pas les plages g\u00e9n\u00e9riques. Comme les cr\u00e9neaux varient d&#39;un foyer \u00e0 l&#39;autre, m\u00eame \u00e0 quelques m\u00e8tres de distance, seul le courrier transmis par le fournisseur ou l&#39;espace client en ligne donne les plages exactes applicables \u00e0 chaque compteur. Certains fournisseurs proposent d\u00e9sormais un calendrier interactif mois par mois, int\u00e9grant les ajustements saisonniers.<\/p>\n<h3>Les appareils \u00e0 reprogrammer en priorit\u00e9<\/h3>\n<p>Une fois les horaires connus, la reprogrammation doit cibler les \u00e9quipements les plus consommateurs :<\/p>\n<ul>\n<li><strong>Chauffe-eau et cumulus<\/strong> (id\u00e9alement sur la plage nocturne 23h\u20137h)<\/li>\n<li><strong>Machine \u00e0 laver, s\u00e8che-linge, lave-vaisselle<\/strong><\/li>\n<li><strong>Recharge de v\u00e9hicule \u00e9lectrique<\/strong> (plage nocturne recommand\u00e9e)<\/li>\n<li><strong>Cong\u00e9lateur, four connect\u00e9, climatiseur r\u00e9versible<\/strong><\/li>\n<\/ul>\n<p>Pour les appareils dot\u00e9s de programmateurs m\u00e9caniques, le r\u00e9glage manuel reste n\u00e9cessaire. Mais les programmateurs connect\u00e9s et les prises intelligentes compatibles heures creuses offrent un avantage concret : ils peuvent \u00eatre mis \u00e0 jour \u00e0 distance, sans intervention physique, et s&#39;adaptent aux \u00e9ventuels ajustements saisonniers.<\/p>\n<h3>Anticiper les changements saisonniers<\/h3>\n<p>Puisque les horaires peuvent \u00e9voluer deux fois par an, une bonne pratique consiste \u00e0 poser un rappel semestriel dans l&#39;agenda, cal\u00e9 sur les passages \u00e0 l&#39;heure d&#39;\u00e9t\u00e9 et \u00e0 l&#39;heure d&#39;hiver. Activer les alertes dans l&#39;application du fournisseur permet aussi d&#39;\u00eatre notifi\u00e9 automatiquement en cas de modification. Pour les propri\u00e9taires qui <a href=\"https:\/\/addictimmobilier31.com\/blog\/\/selon-la-justice-le-locataire-qui-degrade-un-logement-na-rien-a-payer-en-fin-de-bail-si-son-proprietaire-oublie-cette-formalite\/\">g\u00e8rent la consommation d&#39;un logement locatif<\/a>, la vigilance sur ce point est d&#39;autant plus utile que le locataire ne sera pas toujours inform\u00e9 spontan\u00e9ment par le fournisseur.<\/p>\n<div class=\"mos_callout mos_callout-check\">\n  <span class=\"mos_callout-icon\">\u2705<\/span><\/p>\n<div class=\"mos_callout-body\">\n    <span class=\"mos_callout-title\">\u00c0 retenir<\/span><br \/>\n    Les nouvelles plages officielles sont 23h\u20137h (nocturne, 5h minimum garanties) et 11h\u201317h (diurne, 3h maximum selon localisation). Le volume total reste de 8 heures. Les anciennes plages 7h\u201311h et 17h\u201323h ne donnent plus droit au tarif r\u00e9duit.\n  <\/div>\n<\/div>\n<h2>Un changement qui s&#39;inscrit dans une logique de r\u00e9seau plus large<\/h2>\n<p>La refonte du calendrier des heures creuses ne r\u00e9pond pas uniquement \u00e0 une logique tarifaire. Elle s&#39;inscrit dans une transformation plus profonde de la gestion du r\u00e9seau \u00e9lectrique fran\u00e7ais. En d\u00e9pla\u00e7ant une partie des usages vers le milieu de journ\u00e9e, le dispositif cherche \u00e0 absorber la production solaire aux heures o\u00f9 elle est maximale, \u00e9vitant ainsi les situations de surplus difficiles \u00e0 g\u00e9rer pour <strong>Enedis<\/strong>.<\/p>\n<p>Cette \u00e9volution rappelle d&#39;autres changements r\u00e9glementaires qui touchent directement le quotidien des m\u00e9nages, comme les <a href=\"https:\/\/addictimmobilier31.com\/blog\/\/cest-confirme-tous-les-virements-bancaires-vont-etre-bloques-en-france-pendant-plusieurs-jours-en-2026-les-dates-concernees\/\">nouvelles r\u00e8gles sur les virements bancaires en 2026<\/a> ou les modifications tarifaires dans d&#39;autres secteurs. Dans tous les cas, l&#39;enjeu est le m\u00eame : \u00eatre inform\u00e9 \u00e0 temps pour ne pas subir passivement les cons\u00e9quences financi\u00e8res d&#39;une r\u00e9forme qu&#39;on n&#39;a pas anticip\u00e9e.<\/p>\n<p>Concr\u00e8tement, les foyers qui agissent d\u00e8s maintenant, en consultant leurs horaires personnalis\u00e9s et en reprogrammant leurs \u00e9quipements, r\u00e9cup\u00e8rent imm\u00e9diatement le b\u00e9n\u00e9fice tarifaire pr\u00e9vu par leur contrat. Ceux qui attendent voient chaque cycle de machine ou chaque charge de v\u00e9hicule \u00e9lectrique factur\u00e9e au plein tarif, jusqu&#39;\u00e0 la prochaine facture qui, elle, ne mentira pas.<\/p>\n","protected":false},"excerpt":{"rendered":"<p>Depuis le 1er novembre 2025, les nouvelles heures creuses s&#39;appliquent \u00e0 environ 11 millions de foyers en France. Le calendrier officiel, \u00e9tabli par Enedis avec un pr\u00e9avis de six mois, supprime les anciennes plages horaires et introduit une logique saisonni\u00e8re in\u00e9dite. Les foyers qui n&#39;ont pas reprogramm\u00e9 leurs appareils paient d\u00e9sormais au tarif plein sans [&hellip;]<\/p>\n","protected":false},"author":1,"featured_media":1338,"comment_status":"open","ping_status":"open","sticky":false,"template":"","format":"standard","meta":{"_seopress_robots_primary_cat":"","_seopress_titles_title":"Nouvelles heures creuses : voici le calendrier officiel applicable depuis le 1er novembre 2025","_seopress_titles_desc":"%%post_excerpt%%","_seopress_robots_index":"","footnotes":""},"categories":[14],"tags":[],"class_list":{"0":"post-1340","1":"post","2":"type-post","3":"status-publish","4":"format-standard","5":"has-post-thumbnail","7":"category-energies"},"_links":{"self":[{"href":"https:\/\/www.addictimmobilier31.com\/blog\/wp-json\/wp\/v2\/posts\/1340","targetHints":{"allow":["GET"]}}],"collection":[{"href":"https:\/\/www.addictimmobilier31.com\/blog\/wp-json\/wp\/v2\/posts"}],"about":[{"href":"https:\/\/www.addictimmobilier31.com\/blog\/wp-json\/wp\/v2\/types\/post"}],"author":[{"embeddable":true,"href":"https:\/\/www.addictimmobilier31.com\/blog\/wp-json\/wp\/v2\/users\/1"}],"replies":[{"embeddable":true,"href":"https:\/\/www.addictimmobilier31.com\/blog\/wp-json\/wp\/v2\/comments?post=1340"}],"version-history":[{"count":2,"href":"https:\/\/www.addictimmobilier31.com\/blog\/wp-json\/wp\/v2\/posts\/1340\/revisions"}],"predecessor-version":[{"id":1347,"href":"https:\/\/www.addictimmobilier31.com\/blog\/wp-json\/wp\/v2\/posts\/1340\/revisions\/1347"}],"wp:featuredmedia":[{"embeddable":true,"href":"https:\/\/www.addictimmobilier31.com\/blog\/wp-json\/wp\/v2\/media\/1338"}],"wp:attachment":[{"href":"https:\/\/www.addictimmobilier31.com\/blog\/wp-json\/wp\/v2\/media?parent=1340"}],"wp:term":[{"taxonomy":"category","embeddable":true,"href":"https:\/\/www.addictimmobilier31.com\/blog\/wp-json\/wp\/v2\/categories?post=1340"},{"taxonomy":"post_tag","embeddable":true,"href":"https:\/\/www.addictimmobilier31.com\/blog\/wp-json\/wp\/v2\/tags?post=1340"}],"curies":[{"name":"wp","href":"https:\/\/api.w.org\/{rel}","templated":true}]}}