{"id":1300,"date":"2026-03-26T10:13:23","date_gmt":"2026-03-26T09:13:23","guid":{"rendered":"https:\/\/www.addictimmobilier31.com\/blog\/?p=1300"},"modified":"2026-03-26T10:13:52","modified_gmt":"2026-03-26T09:13:52","slug":"suspension-de-la-reforme-des-retraites-cest-confirme-voici-la-date-dentree-en-vigueur-pour-des-millions-de-francais-4","status":"publish","type":"post","link":"https:\/\/www.addictimmobilier31.com\/blog\/suspension-de-la-reforme-des-retraites-cest-confirme-voici-la-date-dentree-en-vigueur-pour-des-millions-de-francais-4\/","title":{"rendered":"Suspension de la r\u00e9forme des retraites : c\u2019est confirm\u00e9, voici la date d\u2019entr\u00e9e en vigueur pour des millions de Fran\u00e7ais"},"content":{"rendered":"<blockquote>\n<p>La <strong>suspension de la r\u00e9forme des retraites<\/strong> entre officiellement en vigueur le <strong>1er septembre 2026<\/strong>. Pour les assur\u00e9s n\u00e9s en <strong>1964<\/strong>, l&#39;\u00e2ge l\u00e9gal de d\u00e9part passe de <strong>63 ans<\/strong> \u00e0 <strong>62 ans et 9 mois<\/strong>. Plusieurs autres param\u00e8tres sont modifi\u00e9s : carri\u00e8res longues, trimestres pour enfant, calcul du revenu des m\u00e8res, revalorisation des pensions.<\/p>\n<\/blockquote>\n<p>C&#39;est une date que des millions de Fran\u00e7ais attendaient. Le <strong>1er septembre 2026<\/strong> marque l&#39;entr\u00e9e en vigueur de la suspension partielle de la r\u00e9forme des retraites, avec des changements concrets sur l&#39;\u00e2ge l\u00e9gal de d\u00e9part, les dispositifs carri\u00e8res longues et les droits familiaux. Mais &quot;suspension&quot; ne signifie pas retour \u00e0 la case d\u00e9part : certaines mesures de la r\u00e9forme initiale restent en place, et d&#39;autres param\u00e8tres sont simplement ajust\u00e9s.<\/p>\n<p>La r\u00e9forme de <strong>2023<\/strong> avait provoqu\u00e9 une mobilisation sociale d&#39;une ampleur rare. Le recul de l&#39;\u00e2ge l\u00e9gal \u00e0 <strong>64 ans<\/strong> et l&#39;allongement de la dur\u00e9e de cotisation avaient cristallis\u00e9 les oppositions. Ce qui entre en vigueur en septembre 2026 constitue donc un compromis, pas une abrogation totale. Voici ce que les assur\u00e9s doivent concr\u00e8tement savoir.<\/p>\n<h2>L&#39;\u00e2ge l\u00e9gal de d\u00e9part est revu \u00e0 la baisse pour certaines g\u00e9n\u00e9rations<\/h2>\n<p>La mesure la plus visible concerne les <strong>assur\u00e9s n\u00e9s en 1964<\/strong>. Sous la r\u00e9forme initiale, ils auraient d\u00fb attendre leurs <strong>63 ans<\/strong> pour ouvrir leurs droits \u00e0 la retraite. Avec la suspension, cet \u00e2ge est ramen\u00e9 \u00e0 <strong>62 ans et 9 mois<\/strong>, soit un gain de trois mois.<\/p>\n<p>Ce recul peut sembler limit\u00e9, mais il repr\u00e9sente une diff\u00e9rence r\u00e9elle pour ceux qui souhaitaient partir au plus t\u00f4t, notamment les personnes en situation de p\u00e9nibilit\u00e9 ou dont la sant\u00e9 ne permettait pas de prolonger l&#39;activit\u00e9. Pour les g\u00e9n\u00e9rations suivantes, les r\u00e8gles pourraient encore \u00e9voluer selon les d\u00e9cisions politiques ou les accords sociaux \u00e0 venir.<\/p>\n<div class=\"mos_callout mos_callout-warning\">\n  <span class=\"mos_callout-icon\">\u26a0\ufe0f<\/span><\/p>\n<div class=\"mos_callout-body\">\n    <span class=\"mos_callout-title\">Attention<\/span><br \/>\n    L&rsquo;allongement progressif de la dur\u00e9e d&rsquo;assurance requise n&rsquo;est pas totalement remis en cause par cette suspension. Les assur\u00e9s doivent continuer \u00e0 suivre pr\u00e9cis\u00e9ment le nombre de trimestres valid\u00e9s pour ne pas se retrouver avec une pension r\u00e9duite.\n  <\/div>\n<\/div>\n<h3>Le dispositif carri\u00e8res longues aussi modifi\u00e9<\/h3>\n<p>Le <strong>dispositif carri\u00e8res longues<\/strong>, qui permet un d\u00e9part anticip\u00e9 pour ceux ayant commenc\u00e9 \u00e0 travailler t\u00f4t, est \u00e9galement touch\u00e9. \u00c0 compter de <strong>septembre 2026<\/strong>, l&#39;\u00e2ge minimal de d\u00e9part anticip\u00e9 dans ce cadre est d\u00e9cal\u00e9 de <strong>3 mois<\/strong>. Concr\u00e8tement, les assur\u00e9s concern\u00e9s doivent int\u00e9grer ce nouveau param\u00e8tre dans leur planification, en utilisant les simulateurs officiels mis \u00e0 jour pour v\u00e9rifier leur situation personnelle.<\/p>\n<h2>Les droits familiaux sont profond\u00e9ment revus en faveur des m\u00e8res<\/h2>\n<p>C&#39;est l&#39;un des volets les plus significatifs de cette r\u00e9forme r\u00e9vis\u00e9e. Deux modifications majeures concernent les <strong>parents<\/strong>, et plus particuli\u00e8rement les m\u00e8res.<\/p>\n<h3>Les trimestres pour enfant deviennent automatiquement cotis\u00e9s<\/h3>\n<p>Jusqu&#39;ici, les <strong>trimestres pour enfant<\/strong> n&#39;\u00e9taient pas syst\u00e9matiquement comptabilis\u00e9s comme des trimestres cotis\u00e9s, ce qui pouvait p\u00e9naliser l&#39;acc\u00e8s aux d\u00e9parts anticip\u00e9s. \u00c0 partir de <strong>septembre 2026<\/strong>, <strong>2 trimestres<\/strong> pour enfant sont automatiquement reconnus comme cotis\u00e9s. Ce changement facilite directement l&#39;acc\u00e8s aux dispositifs de d\u00e9part anticip\u00e9 pour les assur\u00e9s ayant \u00e9lev\u00e9 des enfants, en particulier ceux qui ont connu des interruptions de carri\u00e8re.<\/p>\n<h3>Le calcul du revenu annuel moyen favorise les carri\u00e8res fractionn\u00e9es<\/h3>\n<p>L&#39;autre modification majeure porte sur le calcul du <strong>revenu annuel moyen<\/strong>, base de calcul de la pension. Auparavant, ce calcul retenait les <strong>25 meilleures ann\u00e9es<\/strong> de carri\u00e8re. La nouvelle r\u00e8gle r\u00e9duit ce nombre \u00e0 <strong>24 meilleures ann\u00e9es<\/strong> pour les m\u00e8res en r\u00e8gle g\u00e9n\u00e9rale, et \u00e0 <strong>23 meilleures ann\u00e9es<\/strong> pour celles ayant eu deux enfants.<\/p>\n<p>Cette mesure compense en partie les interruptions de carri\u00e8re, les temps partiels subis et les ann\u00e9es de faibles revenus qui p\u00e8sent sur les pensions f\u00e9minines. Pour les femmes dont la carri\u00e8re a \u00e9t\u00e9 marqu\u00e9e par ces al\u00e9as, l&#39;impact peut \u00eatre sensible sur le montant final de la pension. C&#39;est d&#39;ailleurs un sujet directement li\u00e9 \u00e0 la question des <a href=\"https:\/\/addictimmobilier31.com\/blog\/\/jai-touche-le-rsa-toute-ma-vie-sans-jamais-travailler-voici-le-montant-de-ma-retraite-en-2026\/\">droits \u00e0 la retraite selon les parcours professionnels<\/a>.<\/p>\n<h2>La revalorisation des pensions de base est d\u00e9j\u00e0 en cours<\/h2>\n<p>Ind\u00e9pendamment des changements pr\u00e9vus pour septembre 2026, une revalorisation des <strong>pensions de base<\/strong> de <strong>0,9 %<\/strong> est entr\u00e9e en vigueur au <strong>1er janvier 2026<\/strong>. Son premier paiement visible a eu lieu le <strong>9 f\u00e9vrier<\/strong>. Cette hausse renforce le pouvoir d&#39;achat des <strong>retrait\u00e9s actuels<\/strong>, m\u00eame si son effet reste mod\u00e9r\u00e9 en p\u00e9riode d&#39;inflation persistante.<\/p>\n<div class=\"mos_stat\">\n  <span class=\"mos_stat-number\">0,9 %<\/span><br \/>\n  <span class=\"mos_stat-label\">de revalorisation des pensions de base au 1er janvier 2026<\/span>\n<\/div>\n<p>Mais cette bonne nouvelle pour les pensions de base contraste avec la situation des <strong>r\u00e9gimes compl\u00e9mentaires<\/strong>, qui sont eux gel\u00e9s. Les profils dont la pension d\u00e9pend principalement de ces r\u00e9gimes compl\u00e9mentaires subissent donc un effet ciseau : la base progresse l\u00e9g\u00e8rement, mais la compl\u00e9mentaire stagne. Pour les assur\u00e9s qui souhaitent estimer l&#39;impact r\u00e9el sur leur niveau de vie, une consultation aupr\u00e8s des <a href=\"https:\/\/addictimmobilier31.com\/blog\/\/cest-confirme-par-la-cour-des-comptes-les-retraites-perdent-180-euros-par-mois-de-pension-a-cause-de-ce-simple-oubli\/\">caisses de retraite en cas d&#39;oubli de droits<\/a> reste une d\u00e9marche utile.<\/p>\n<h2>La pension de r\u00e9version et certaines allocations sont \u00e9galement concern\u00e9es<\/h2>\n<p>La <strong>pension de r\u00e9version<\/strong> fait l&#39;objet d&#39;une modification des conditions d&#39;acc\u00e8s. Un nouveau plafond est introduit sur certaines allocations li\u00e9es \u00e0 la retraite, ce qui peut affecter les foyers qui en b\u00e9n\u00e9ficiaient jusqu&#39;ici sans restriction. Les assur\u00e9s concern\u00e9s doivent se rapprocher des organismes comp\u00e9tents pour v\u00e9rifier si leur situation est impact\u00e9e et anticiper d&#39;\u00e9ventuels ajustements budg\u00e9taires.<\/p>\n<p>Cette question touche des publics parfois fragiles, notamment des conjoints survivants dont les ressources d\u00e9pendent en grande partie de cette pension. La situation est d&#39;autant plus complexe que les conditions de la r\u00e9version varient selon les r\u00e9gimes, ce qui rend indispensable une v\u00e9rification individuelle. Des profils tr\u00e8s diff\u00e9rents peuvent \u00eatre concern\u00e9s, comme l&#39;illustre la question des <a href=\"https:\/\/addictimmobilier31.com\/blog\/\/je-suis-handicape-et-nai-jamais-travaille-de-ma-vie-voici-combien-je-touche-de-pension-de-retraite-aujourdhui\/\">droits \u00e0 la retraite pour les personnes n&#39;ayant pas ou peu cotis\u00e9<\/a>.<\/p>\n<h2>Se pr\u00e9parer concr\u00e8tement avant septembre 2026<\/h2>\n<p>Les caisses de retraite et les plateformes officielles ont mis \u00e0 disposition plusieurs outils pour accompagner les assur\u00e9s dans cette transition. Des <strong>simulateurs actualis\u00e9s<\/strong> permettent de recalculer une date de d\u00e9part pr\u00e9visionnelle en tenant compte des nouveaux param\u00e8tres. Des <strong>webinaires gratuits<\/strong> permettent de poser des questions en direct, tandis que des guides, <strong>FAQ actualis\u00e9es<\/strong> et modules interactifs sont accessibles en ligne.<\/p>\n<p>Concr\u00e8tement, les \u00e9tapes \u00e0 suivre sont les suivantes :<\/p>\n<ul>\n<li>Utiliser les simulateurs officiels mis \u00e0 jour pour recalculer sa date de d\u00e9part et le montant estim\u00e9 de sa pension<\/li>\n<li>V\u00e9rifier ses trimestres valid\u00e9s, notamment les trimestres pour enfant d\u00e9sormais consid\u00e9r\u00e9s comme cotis\u00e9s<\/li>\n<li>S&#39;informer pr\u00e9cis\u00e9ment sur les nouvelles conditions de la pension de r\u00e9version si un conjoint est potentiellement concern\u00e9<\/li>\n<li>Solliciter un rendez-vous personnalis\u00e9 aupr\u00e8s de sa caisse de retraite pour une analyse individualis\u00e9e<\/li>\n<\/ul>\n<p>Les param\u00e8tres en vigueur \u00e0 partir du <strong>1er septembre 2026<\/strong> constituent un point de d\u00e9part, pas une r\u00e8gle fig\u00e9e. Les \u00e9volutions l\u00e9gislatives \u00e0 venir, li\u00e9es aux d\u00e9cisions politiques ou \u00e0 d&#39;\u00e9ventuels accords sociaux, pourraient encore modifier le cadre. Rester inform\u00e9 r\u00e9guli\u00e8rement des changements reste la meilleure fa\u00e7on d&#39;\u00e9viter les mauvaises surprises au moment de franchir le cap de la retraite.<\/p>\n","protected":false},"excerpt":{"rendered":"<p>La suspension de la r\u00e9forme des retraites entre officiellement en vigueur le 1er septembre 2026. Pour les assur\u00e9s n\u00e9s en 1964, l&#39;\u00e2ge l\u00e9gal de d\u00e9part passe de 63 ans \u00e0 62 ans et 9 mois. Plusieurs autres param\u00e8tres sont modifi\u00e9s : carri\u00e8res longues, trimestres pour enfant, calcul du revenu des m\u00e8res, revalorisation des pensions. C&#39;est [&hellip;]<\/p>\n","protected":false},"author":1,"featured_media":1299,"comment_status":"open","ping_status":"open","sticky":false,"template":"","format":"standard","meta":{"_seopress_robots_primary_cat":"","_seopress_titles_title":"Suspension de la r\u00e9forme des retraites : c\u2019est confirm\u00e9, voici la date d\u2019entr\u00e9e en vigueur pour des millions de Fran\u00e7ais","_seopress_titles_desc":"%%post_excerpt%%","_seopress_robots_index":"","footnotes":""},"categories":[12],"tags":[],"class_list":{"0":"post-1300","1":"post","2":"type-post","3":"status-publish","4":"format-standard","5":"has-post-thumbnail","7":"category-actu"},"_links":{"self":[{"href":"https:\/\/www.addictimmobilier31.com\/blog\/wp-json\/wp\/v2\/posts\/1300","targetHints":{"allow":["GET"]}}],"collection":[{"href":"https:\/\/www.addictimmobilier31.com\/blog\/wp-json\/wp\/v2\/posts"}],"about":[{"href":"https:\/\/www.addictimmobilier31.com\/blog\/wp-json\/wp\/v2\/types\/post"}],"author":[{"embeddable":true,"href":"https:\/\/www.addictimmobilier31.com\/blog\/wp-json\/wp\/v2\/users\/1"}],"replies":[{"embeddable":true,"href":"https:\/\/www.addictimmobilier31.com\/blog\/wp-json\/wp\/v2\/comments?post=1300"}],"version-history":[{"count":2,"href":"https:\/\/www.addictimmobilier31.com\/blog\/wp-json\/wp\/v2\/posts\/1300\/revisions"}],"predecessor-version":[{"id":1316,"href":"https:\/\/www.addictimmobilier31.com\/blog\/wp-json\/wp\/v2\/posts\/1300\/revisions\/1316"}],"wp:featuredmedia":[{"embeddable":true,"href":"https:\/\/www.addictimmobilier31.com\/blog\/wp-json\/wp\/v2\/media\/1299"}],"wp:attachment":[{"href":"https:\/\/www.addictimmobilier31.com\/blog\/wp-json\/wp\/v2\/media?parent=1300"}],"wp:term":[{"taxonomy":"category","embeddable":true,"href":"https:\/\/www.addictimmobilier31.com\/blog\/wp-json\/wp\/v2\/categories?post=1300"},{"taxonomy":"post_tag","embeddable":true,"href":"https:\/\/www.addictimmobilier31.com\/blog\/wp-json\/wp\/v2\/tags?post=1300"}],"curies":[{"name":"wp","href":"https:\/\/api.w.org\/{rel}","templated":true}]}}