{"id":1276,"date":"2026-03-25T17:10:48","date_gmt":"2026-03-25T16:10:48","guid":{"rendered":"https:\/\/www.addictimmobilier31.com\/blog\/?p=1276"},"modified":"2026-03-25T17:11:17","modified_gmt":"2026-03-25T16:11:17","slug":"on-marche-sur-la-tete-des-squatteurs-attaquent-en-justice-une-proprietaire-et-obtiennent-gain-de-cause-2","status":"publish","type":"post","link":"https:\/\/www.addictimmobilier31.com\/blog\/on-marche-sur-la-tete-des-squatteurs-attaquent-en-justice-une-proprietaire-et-obtiennent-gain-de-cause-2\/","title":{"rendered":"\u00ab On marche sur la t\u00eate \u00bb, des squatteurs attaquent en justice une propri\u00e9taire et obtiennent gain de cause"},"content":{"rendered":"<blockquote>\n<p>Une propri\u00e9taire de Lyon condamn\u00e9e \u00e0 verser <strong>3 000 \u20ac<\/strong> \u00e0 deux squatteurs qui occupaient ill\u00e9galement son immeuble. Le tribunal judiciaire de Lyon a refus\u00e9 leur r\u00e9int\u00e9gration, mais a sanctionn\u00e9 la propri\u00e9taire pour avoir scell\u00e9 l&#39;entr\u00e9e du b\u00e2timent avant la fin de la tr\u00eave hivernale. Une d\u00e9cision qui a suscit\u00e9 une vague d&#39;indignation.<\/p>\n<\/blockquote>\n<p>Le squat est un ph\u00e9nom\u00e8ne qui exasp\u00e8re r\u00e9guli\u00e8rement les propri\u00e9taires fran\u00e7ais. Mais l&#39;affaire jug\u00e9e \u00e0 Lyon d\u00e9passe les cas habituels : ici, ce sont les occupants ill\u00e9gaux qui ont attaqu\u00e9 la propri\u00e9taire en justice. Et ils ont obtenu gain de cause, au moins partiellement.<\/p>\n<p>L&#39;histoire commence en <strong>juillet 2021<\/strong>, dans le <strong>9\u1d49 arrondissement de Lyon<\/strong>, quand une vingtaine de squatteurs investissent un immeuble appartenant \u00e0 une propri\u00e9taire priv\u00e9e. Pendant des mois, elle tente de r\u00e9cup\u00e9rer son bien par les voies l\u00e9gales. Jusqu&#39;au jour o\u00f9, las d&#39;attendre, elle d\u00e9cide de sceller elle-m\u00eame l&#39;entr\u00e9e de l&#39;immeuble. Ce geste, compr\u00e9hensible humainement, va se retourner contre elle devant le tribunal judiciaire de Lyon.<\/p>\n<h2>Le scellement de l&#39;immeuble, une erreur de proc\u00e9dure aux cons\u00e9quences lourdes<\/h2>\n<p>La propri\u00e9taire a condamn\u00e9 l&#39;entr\u00e9e de son immeuble en <strong>janvier<\/strong>, avant la fin de la <strong>tr\u00eave hivernale<\/strong>, fix\u00e9e au <strong>31 mars 2023<\/strong>. En droit fran\u00e7ais, cette p\u00e9riode prot\u00e8ge les occupants, m\u00eame ill\u00e9gaux dans certains cas, contre toute expulsion ou man\u0153uvre visant \u00e0 les priver d&#39;acc\u00e8s \u00e0 leur logement. Le tribunal a qualifi\u00e9 ce scellement de rupture de la proc\u00e9dure l\u00e9gale d&#39;expulsion.<\/p>\n<h3>La tr\u00eave hivernale, un cadre contraignant pour les propri\u00e9taires<\/h3>\n<p>La tr\u00eave hivernale suspend les expulsions locatives chaque ann\u00e9e entre le 1\u1d49\u02b3 novembre et le 31 mars. Son application aux squatteurs est l&#39;un des points les plus contest\u00e9s du droit immobilier fran\u00e7ais. Concr\u00e8tement, m\u00eame un occupant sans titre peut s&#39;en pr\u00e9valoir, ce qui place le propri\u00e9taire dans une situation d&#39;attente forc\u00e9e pendant plusieurs mois. Agir en dehors de ce cadre, m\u00eame pour r\u00e9cup\u00e9rer un bien occup\u00e9 ill\u00e9galement, expose \u00e0 des sanctions civiles.<\/p>\n<h3>Deux squatteurs portent l&#39;affaire devant le tribunal<\/h3>\n<p>Parmi la vingtaine d&#39;occupants, <strong>deux squatteurs<\/strong> ont d\u00e9cid\u00e9 de saisir la justice. Leur d\u00e9marche visait notamment \u00e0 obtenir leur r\u00e9int\u00e9gration dans l&#39;immeuble, ainsi que des compensations financi\u00e8res. Le tribunal judiciaire de Lyon a refus\u00e9 la r\u00e9int\u00e9gration. Mais il a condamn\u00e9 la propri\u00e9taire \u00e0 verser <strong>2 000 \u20ac<\/strong> de dommages et int\u00e9r\u00eats, auxquels s&#39;ajoutent <strong>1 000 \u20ac<\/strong> au titre des frais de justice des plaignants. Au total, <strong>3 000 \u20ac<\/strong> \u00e0 la charge de la femme dont le bien avait \u00e9t\u00e9 occup\u00e9 sans son consentement.<\/p>\n<div class=\"mos_callout mos_callout-warning\">\n  <span class=\"mos_callout-icon\">\u26a0\ufe0f<\/span><\/p>\n<div class=\"mos_callout-body\">\n    <span class=\"mos_callout-title\">Attention<\/span><br \/>\n    Sceller ou barricader l&rsquo;acc\u00e8s \u00e0 un bien occup\u00e9, m\u00eame ill\u00e9galement, avant la fin de la tr\u00eave hivernale constitue une voie de fait susceptible d&rsquo;engager la responsabilit\u00e9 civile du propri\u00e9taire, ind\u00e9pendamment du caract\u00e8re ill\u00e9gal de l&rsquo;occupation.\n  <\/div>\n<\/div>\n<h2>Les demandes de la propri\u00e9taire toutes rejet\u00e9es<\/h2>\n<p>La propri\u00e9taire n&#39;est pas rest\u00e9e sans r\u00e9agir. Elle a pr\u00e9sent\u00e9 ses propres demandes devant le tribunal, et elles sont consid\u00e9rables. Pour la r\u00e9habilitation du b\u00e2timent, elle r\u00e9clamait <strong>512 000 \u20ac<\/strong>, une somme correspondant aux travaux n\u00e9cessaires apr\u00e8s l&#39;occupation. Elle demandait \u00e9galement <strong>3 000 \u20ac<\/strong> pour proc\u00e9dure abusive, estimant que les squatteurs avaient instrumentalis\u00e9 la justice.<\/p>\n<p>R\u00e9sultat : le tribunal a rejet\u00e9 l&#39;int\u00e9gralit\u00e9 de ces demandes. Ni les <strong>512 000 \u20ac<\/strong> de r\u00e9habilitation, ni les <strong>3 000 \u20ac<\/strong> pour abus de proc\u00e9dure n&#39;ont \u00e9t\u00e9 accord\u00e9s. La propri\u00e9taire repart donc du tribunal avec une condamnation \u00e0 son encontre et aucune compensation pour les d\u00e9g\u00e2ts subis.<\/p>\n<p>Ce type de situation n&#39;est pas isol\u00e9. <a href=\"https:\/\/addictimmobilier31.com\/blog\/\/cest-la-justice-a-deux-vitesses-elle-squatte-la-maison-dun-magistrat-la-loi-anti-squat-rend-son-verdict-en-dix-jours\/\">D&#39;autres cas de squat aux rebondissements judiciaires inattendus<\/a> ont aliment\u00e9 le d\u00e9bat public ces derni\u00e8res ann\u00e9es, y compris des affaires o\u00f9 la c\u00e9l\u00e9rit\u00e9 de la justice d\u00e9pendait du statut de la victime.<\/p>\n<div class=\"mos_stat\">\n  <span class=\"mos_stat-number\">512 000 \u20ac<\/span><br \/>\n  <span class=\"mos_stat-label\">r\u00e9clam\u00e9s par la propri\u00e9taire pour r\u00e9habilitation, int\u00e9gralement rejet\u00e9s par le tribunal<\/span>\n<\/div>\n<h2>Une d\u00e9cision qui provoque l&#39;indignation et relance le d\u00e9bat sur le squat<\/h2>\n<p>La m\u00e9diatisation de cette affaire a g\u00e9n\u00e9r\u00e9 une vague de r\u00e9actions indign\u00e9es. L&#39;expression &quot;on marche sur la t\u00eate&quot;, reprise dans les commentaires et les discussions en ligne, r\u00e9sume le sentiment dominant : celui d&#39;un syst\u00e8me juridique qui punit le propri\u00e9taire victime et prot\u00e8ge l&#39;occupant ill\u00e9gal. Ce sentiment est d&#39;autant plus fort que la proc\u00e9dure d&#39;expulsion engag\u00e9e par la propri\u00e9taire \u00e9tait en cours, ce qui signifie qu&#39;elle respectait les voies l\u00e9gales avant de d\u00e9cider de sceller l&#39;entr\u00e9e.<\/p>\n<h3>Des propri\u00e9taires qui h\u00e9sitent \u00e0 t\u00e9moigner publiquement<\/h3>\n<p>L&#39;un des effets collat\u00e9raux de cette affaire est le silence d&#39;autres propri\u00e9taires dans des situations similaires. Beaucoup h\u00e9sitent \u00e0 m\u00e9diatiser leur cas, craignant des repr\u00e9sailles judiciaires ou simplement l&#39;issue incertaine d&#39;un contentieux. Ce ph\u00e9nom\u00e8ne alimente une forme d&#39;impuissance ressentie face aux <a href=\"https:\/\/addictimmobilier31.com\/blog\/\/squat-apres-les-maisons-et-les-piscines-les-squatteurs-sattaquent-desormais-a-cette-cible-et-voici-pourquoi\/\">nouvelles formes de squat qui se multiplient<\/a> et touchent d\u00e9sormais des biens de plus en plus vari\u00e9s.<\/p>\n<h3>Le droit de propri\u00e9t\u00e9 confront\u00e9 aux protections des occupants sans titre<\/h3>\n<p>Le cas lyonnais illustre une tension structurelle du droit fran\u00e7ais : d&#39;un c\u00f4t\u00e9, le droit de propri\u00e9t\u00e9, prot\u00e9g\u00e9 constitutionnellement. De l&#39;autre, un ensemble de dispositifs, dont la tr\u00eave hivernale, qui encadrent strictement les modalit\u00e9s d&#39;expulsion, y compris lorsque l&#39;occupation est ill\u00e9gale d\u00e8s l&#39;origine. La <a href=\"https:\/\/addictimmobilier31.com\/blog\/\/ils-ont-mis-le-compteur-edf-a-leur-nom-ils-squattent-la-maison-de-retraites-pendant-les-travaux-et-la-mettent-en-location\/\">question des squatteurs qui mettent en location des biens qu&#39;ils occupent sans titre<\/a> montre \u00e0 quel point ces situations peuvent devenir kafka\u00efennes pour les propri\u00e9taires l\u00e9gitimes.<\/p>\n<p>La loi anti-squat adopt\u00e9e en France en <strong>2023<\/strong> visait pr\u00e9cis\u00e9ment \u00e0 raccourcir les d\u00e9lais d&#39;expulsion et \u00e0 renforcer les sanctions contre les squatteurs. Mais cette affaire lyonnaise, dont les faits remontent \u00e0 <strong>juillet 2021<\/strong>, s&#39;inscrit dans un cadre ant\u00e9rieur \u00e0 ce texte. Et elle rappelle que m\u00eame avec des outils l\u00e9gislatifs renforc\u00e9s, chaque geste du propri\u00e9taire en dehors de la proc\u00e9dure stricte peut se transformer en motif de condamnation. Agir dans l&#39;urgence, sans respecter le calendrier l\u00e9gal, reste une faute aux yeux des tribunaux, quelle que soit la l\u00e9gitimit\u00e9 de la col\u00e8re qui l&#39;a motiv\u00e9e.<\/p>\n","protected":false},"excerpt":{"rendered":"<p>Une propri\u00e9taire de Lyon condamn\u00e9e \u00e0 verser 3 000 \u20ac \u00e0 deux squatteurs qui occupaient ill\u00e9galement son immeuble. Le tribunal judiciaire de Lyon a refus\u00e9 leur r\u00e9int\u00e9gration, mais a sanctionn\u00e9 la propri\u00e9taire pour avoir scell\u00e9 l&#39;entr\u00e9e du b\u00e2timent avant la fin de la tr\u00eave hivernale. Une d\u00e9cision qui a suscit\u00e9 une vague d&#39;indignation. Le squat [&hellip;]<\/p>\n","protected":false},"author":1,"featured_media":1275,"comment_status":"open","ping_status":"open","sticky":false,"template":"","format":"standard","meta":{"_seopress_robots_primary_cat":"","_seopress_titles_title":"\u00ab On marche sur la t\u00eate \u00bb, des squatteurs attaquent en justice une propri\u00e9taire et obtiennent gain de cause","_seopress_titles_desc":"%%post_excerpt%%","_seopress_robots_index":"","footnotes":""},"categories":[1],"tags":[],"class_list":{"0":"post-1276","1":"post","2":"type-post","3":"status-publish","4":"format-standard","5":"has-post-thumbnail","7":"category-immo"},"_links":{"self":[{"href":"https:\/\/www.addictimmobilier31.com\/blog\/wp-json\/wp\/v2\/posts\/1276","targetHints":{"allow":["GET"]}}],"collection":[{"href":"https:\/\/www.addictimmobilier31.com\/blog\/wp-json\/wp\/v2\/posts"}],"about":[{"href":"https:\/\/www.addictimmobilier31.com\/blog\/wp-json\/wp\/v2\/types\/post"}],"author":[{"embeddable":true,"href":"https:\/\/www.addictimmobilier31.com\/blog\/wp-json\/wp\/v2\/users\/1"}],"replies":[{"embeddable":true,"href":"https:\/\/www.addictimmobilier31.com\/blog\/wp-json\/wp\/v2\/comments?post=1276"}],"version-history":[{"count":1,"href":"https:\/\/www.addictimmobilier31.com\/blog\/wp-json\/wp\/v2\/posts\/1276\/revisions"}],"predecessor-version":[{"id":1286,"href":"https:\/\/www.addictimmobilier31.com\/blog\/wp-json\/wp\/v2\/posts\/1276\/revisions\/1286"}],"wp:featuredmedia":[{"embeddable":true,"href":"https:\/\/www.addictimmobilier31.com\/blog\/wp-json\/wp\/v2\/media\/1275"}],"wp:attachment":[{"href":"https:\/\/www.addictimmobilier31.com\/blog\/wp-json\/wp\/v2\/media?parent=1276"}],"wp:term":[{"taxonomy":"category","embeddable":true,"href":"https:\/\/www.addictimmobilier31.com\/blog\/wp-json\/wp\/v2\/categories?post=1276"},{"taxonomy":"post_tag","embeddable":true,"href":"https:\/\/www.addictimmobilier31.com\/blog\/wp-json\/wp\/v2\/tags?post=1276"}],"curies":[{"name":"wp","href":"https:\/\/api.w.org\/{rel}","templated":true}]}}